{"id":753,"date":"2009-07-07T13:59:47","date_gmt":"2009-07-07T12:59:47","guid":{"rendered":"http:\/\/blogs.sub.uni-hamburg.de\/webis\/?p=753"},"modified":"2009-07-07T13:59:47","modified_gmt":"2009-07-07T12:59:47","slug":"edumeres-net-internetportal-zur-internationalen-bildungsmedienforschung","status":"publish","type":"post","link":"https:\/\/blogs.sub.uni-hamburg.de\/webis\/2009\/07\/07\/edumeres-net-internetportal-zur-internationalen-bildungsmedienforschung\/","title":{"rendered":"Edumeres.net &#8211; Internetportal zur internationalen Bildungsmedienforschung des Georg-Eckert-Instituts in Braunschweig"},"content":{"rendered":"<p>Das Portal des Georg-Eckert-Instituts zur internationalen Bildungs\u00admedienforschung <a title=\"Edumeres.net - Educational Media Research\" href=\"http:\/\/www.edumeres.net\/\" target=\"_blank\">Edumeres.net<\/a> (Educational Media Research) geht mit neuem Layout und Design in den offiziellen Online-Betrieb.<\/p>\n<p>Damit\u00a0 ist nach der im Januar gestarteten \u00f6ffentlichen Testphase ein weiterer wichtiger Schritt zur Entwicklung eines zentralen virtuellen Knotenpunktes im Netzwerk dieses Forschungsfeldes getan.\u00a0 Neben aktuellen Informationen und elektronischen Publikationen werden spezifische Themen- und Recherchezug\u00e4nge zur Bildungsmedien, ins\u00adbesondere zu Lehrb\u00fcchern, angeboten<\/p>\n<p><a title=\"Edumeres.net - Educational Media Research\" href=\"http:\/\/www.edumeres.net\/\" target=\"_blank\"><img loading=\"lazy\" decoding=\"async\" class=\"alignleft size-full wp-image-774\" title=\"LogoEdumeres\" src=\"https:\/\/blogs.sub.uni-hamburg.de\/webis\/wp-content\/uploads\/2009\/07\/logoedumeres4.jpg\" alt=\"LogoEdumeres\" width=\"288\" height=\"58\" srcset=\"https:\/\/blogs.sub.uni-hamburg.de\/webis\/wp-content\/uploads\/2009\/07\/logoedumeres4.jpg 360w, https:\/\/blogs.sub.uni-hamburg.de\/webis\/wp-content\/uploads\/2009\/07\/logoedumeres4-300x60.jpg 300w\" sizes=\"auto, (max-width: 288px) 100vw, 288px\" \/><\/a>Mit Unterst\u00fctzung der Deutschen Forschungsgemeinschaft wird in den kommenden Monaten eine virtuelle Arbeits- und Forschungsumge\u00adbung hinzukommen, in der auf kollaborativem Wege Forschungs\u00adfragen diskutiert und bearbeitet werden k\u00f6nnen. Daraus entstehende Ergebnisse werden \u00fcber den Publikationsbereich des Portals nach\u00adhaltig und zitierf\u00e4hig gesichert und sind dort frei zug\u00e4nglich. Als Arbeitsmittel bietet die virtuelle Arbeits- und Forschungsumgebung neben zentralen Textverarbeitungswerkzeugen verschiedene be\u00adw\u00e4hrte community-basierte Web2.0-Funktionalit\u00e4ten an, wie z.B. Forum, Blog und Kommentar sowie eine differenzierte Dateiver\u00adwaltung.\u00a0 Ziel ist es, damit zu einer kontinuierlichen, forschungsorien\u00adtierten Erweiterung der Portalinhalte auf hohem qualitativen Niveau beizutragen und so die wissenschaftlichen Ergebnisse aus dem diszi\u00adplin\u00e4r und global weit gestreuten Netzwerk der internationalen Bil\u00addungsmedienforschung zu b\u00fcndeln und zu potenzieren.<\/p>\n<p>Das Redaktionsteam von Edumeres l\u00e4dt alle Interessierten aus der Schulbuch- und Bildungsmedienforschung ein, die virtuelle Arbeits- und Forschungsumgebung schon jetzt, in seiner Erprobungsphase zu nutzen, auf ihre Tauglichkeit zu \u00fcberpr\u00fcfen und Hinweise f\u00fcr ihre Weiterentwicklung zu geben. R\u00fcckmeldungen, W\u00fcnsche und Anre\u00adgungen nehmen wir gern auf.<\/p>\n<p><a title=\"Edumeres.net - Educational Media Research\" href=\"http:\/\/www.edumeres.net\" target=\"_blank\">www.edumeres.net<\/a> \/<a title=\"mailto:edumeres@gei.de\" href=\"mailto:edumeres@gei.de\"> edumeres@gei.de<\/a><\/p>\n","protected":false},"excerpt":{"rendered":"<p>Das Portal des Georg-Eckert-Instituts zur internationalen Bildungs\u00admedienforschung Edumeres.net (Educational Media Research) geht mit neuem Layout und Design in den offiziellen Online-Betrieb. Damit\u00a0 ist nach der im Januar gestarteten \u00f6ffentlichen Testphase ein weiterer wichtiger Schritt zur Entwicklung eines zentralen virtuellen Knotenpunktes im Netzwerk dieses Forschungsfeldes getan.\u00a0 Neben aktuellen Informationen und elektronischen Publikationen werden spezifische Themen- und&#8230;  <a href=\"https:\/\/blogs.sub.uni-hamburg.de\/webis\/2009\/07\/07\/edumeres-net-internetportal-zur-internationalen-bildungsmedienforschung\/\" title=\"Read Edumeres.net &#8211; Internetportal zur internationalen Bildungsmedienforschung des Georg-Eckert-Instituts in Braunschweig\">Read more &raquo;<\/a><\/p>\n","protected":false},"author":18,"featured_media":0,"comment_status":"open","ping_status":"open","sticky":false,"template":"","format":"standard","meta":{"footnotes":""},"categories":[4,6],"tags":[41,73,591,155,258,338,342],"class_list":["post-753","post","type-post","status-publish","format-standard","hentry","category-fachportale","category-projekte","tag-bildungsmedienforschung","tag-dfg","tag-fachportale","tag-informationskompetenz","tag-schulbucher","tag-virtuelle-forschungsumgebung","tag-web-20"],"_links":{"self":[{"href":"https:\/\/blogs.sub.uni-hamburg.de\/webis\/wp-json\/wp\/v2\/posts\/753","targetHints":{"allow":["GET"]}}],"collection":[{"href":"https:\/\/blogs.sub.uni-hamburg.de\/webis\/wp-json\/wp\/v2\/posts"}],"about":[{"href":"https:\/\/blogs.sub.uni-hamburg.de\/webis\/wp-json\/wp\/v2\/types\/post"}],"author":[{"embeddable":true,"href":"https:\/\/blogs.sub.uni-hamburg.de\/webis\/wp-json\/wp\/v2\/users\/18"}],"replies":[{"embeddable":true,"href":"https:\/\/blogs.sub.uni-hamburg.de\/webis\/wp-json\/wp\/v2\/comments?post=753"}],"version-history":[{"count":0,"href":"https:\/\/blogs.sub.uni-hamburg.de\/webis\/wp-json\/wp\/v2\/posts\/753\/revisions"}],"wp:attachment":[{"href":"https:\/\/blogs.sub.uni-hamburg.de\/webis\/wp-json\/wp\/v2\/media?parent=753"}],"wp:term":[{"taxonomy":"category","embeddable":true,"href":"https:\/\/blogs.sub.uni-hamburg.de\/webis\/wp-json\/wp\/v2\/categories?post=753"},{"taxonomy":"post_tag","embeddable":true,"href":"https:\/\/blogs.sub.uni-hamburg.de\/webis\/wp-json\/wp\/v2\/tags?post=753"}],"curies":[{"name":"wp","href":"https:\/\/api.w.org\/{rel}","templated":true}]}}