{"id":707,"date":"2009-06-25T16:47:09","date_gmt":"2009-06-25T15:47:09","guid":{"rendered":"http:\/\/blogs.sub.uni-hamburg.de\/webis\/?p=707"},"modified":"2012-01-12T11:46:40","modified_gmt":"2012-01-12T10:46:40","slug":"ilissafrica_ist_online","status":"publish","type":"post","link":"https:\/\/blogs.sub.uni-hamburg.de\/webis\/2009\/06\/25\/ilissafrica_ist_online\/","title":{"rendered":"Startschuss f\u00fcr ilissAfrica \u2013 Neue ViFa stellt sich auf Konferenz der europ\u00e4ischen Afrikawissenschaften vor"},"content":{"rendered":"<a href=\"http:\/\/www.ilissafrica.de\"><img loading=\"lazy\" decoding=\"async\" class=\"alignnone size-medium wp-image-708\" title=\"ilissAfrica_LogoRot\" src=\"https:\/\/blogs.sub.uni-hamburg.de\/webis\/wp-content\/uploads\/2009\/06\/logorotmitnameausgeschrieben_2kraftiger_weiserhintergrund-300x104.jpg\" alt=\"ilissAfrica_LogoRot\" width=\"300\" height=\"104\" srcset=\"https:\/\/blogs.sub.uni-hamburg.de\/webis\/wp-content\/uploads\/2009\/06\/logorotmitnameausgeschrieben_2kraftiger_weiserhintergrund-300x104.jpg 300w, https:\/\/blogs.sub.uni-hamburg.de\/webis\/wp-content\/uploads\/2009\/06\/logorotmitnameausgeschrieben_2kraftiger_weiserhintergrund-1024x358.jpg 1024w, https:\/\/blogs.sub.uni-hamburg.de\/webis\/wp-content\/uploads\/2009\/06\/logorotmitnameausgeschrieben_2kraftiger_weiserhintergrund.jpg 1181w\" sizes=\"auto, (max-width: 300px) 100vw, 300px\" \/><\/a>\n<p>Mit dem Online-Gang von ilissAfrica, der internet library sub-saharan Africa, am 1. Juni 2009 gibt es nun auch f\u00fcr 40 L\u00e4nder Afrikas s\u00fcdlich der Sahara ein m\u00e4chtiges und weltweit verf\u00fcgbares Hilfsmittel der Literatur- und Informationsrecherche. Die Virtuelle Fachbibliothek (ViFa) ist unter <a title=\"internet library sub-saharan Africa\" href=\"http:\/\/www.ilissafrica.de\/\" target=\"_blank\">www.ilissafrica.de<\/a> zu erreichen.<\/p>\n<img loading=\"lazy\" decoding=\"async\" class=\"size-medium wp-image-709 alignleft\" style=\"margin: 10px;\" title=\"IlissAfrica_Vortrag040609\" src=\"https:\/\/blogs.sub.uni-hamburg.de\/webis\/wp-content\/uploads\/2009\/06\/audiencepanel139_040609_0002.jpg?w=300\" alt=\"IlissAfrica_Vortrag040609\" width=\"210\" height=\"158\" srcset=\"https:\/\/blogs.sub.uni-hamburg.de\/webis\/wp-content\/uploads\/2009\/06\/audiencepanel139_040609_0002.jpg 640w, https:\/\/blogs.sub.uni-hamburg.de\/webis\/wp-content\/uploads\/2009\/06\/audiencepanel139_040609_0002-300x225.jpg 300w\" sizes=\"auto, (max-width: 210px) 100vw, 210px\" \/>\n<p>P\u00fcnktlich zum Onlinegang wurde die neue ViFa auf dem <a title=\"Bibliothekartag 2009 in Erfurt\" href=\"http:\/\/www.bibliothekartag2009.de\" target=\"_blank\">Bibliothekartag in Erfurt<\/a> von den KollegInnen der <a title=\"virtuelle Fachbibliothek Biologie\" href=\"http:\/\/www.vifabio.de\/\" target=\"_blank\">vifabio<\/a> vorgestellt. Parallel dazu pr\u00e4sentierte sich ilissAfrica auf der <em><a title=\"3rd European Conference of African Studies (ECAS) \" href=\"http:\/\/www.uni-leipzig.de\/%7Eecas2009\/index.php?option=com_docman&amp;task=cat_view&amp;gid=151&amp;Itemid=24\" target=\"_blank\">3rd European Conference of African Studies (ECAS)<\/a><\/em> in Leipzig der Fach\u00f6ffentlichkeit in den Afrikawissenschaften. Das Panel \u201eAfrican Studies on the web \u2013 New possibilites and new services for academic research\u201c wurde u.a. von ilissAfrica initiiert und gab ihren MitarbeiterInnen Gelegenheit, die M\u00f6glichkeiten des Portals zu demonstrieren. Nicht nur auf dieser Veranstaltung stie\u00df das neue Angebot auf gro\u00dfes Interesse, es zeigte sich auch im Verlauf der Konferenz in vielen Einzelgespr\u00e4chen mit TeilnehmerInnen aus Deutschland, Europa und \u00dcbersee (inklusive Afrika).<\/p>\n<img loading=\"lazy\" decoding=\"async\" class=\"alignright size-medium wp-image-711\" style=\"margin: 10px 5px;\" title=\"Zuh\u00f6rer_Vortrag_ilissAfrica\" src=\"https:\/\/blogs.sub.uni-hamburg.de\/webis\/wp-content\/uploads\/2009\/06\/audiencepanel139_040609_00031.jpg?w=300\" alt=\"Zuh\u00f6rer_Vortrag_ilissAfrica\" width=\"243\" height=\"142\" \/>\n<p style=\"text-align: left;\">ilissAfrica ist ein gemeinsames Projekt der Universit\u00e4tsbibliothek Frankfurt\/Main und des GIGA German Institute of Global and Area Studies in Hamburg. Beide Institutionen sind von der DFG mit dem Sondersammelgebiet \u201eAfrika s\u00fcdlich der Sahara\u201c betraut (<a title=\"SSG 6.31, Afrika s\u00fcdlich der Sahara\" href=\"http:\/\/www.ub.uni-frankfurt.de\/afrika\/afrika.html\" target=\"_blank\">SSG 6.31, Afrika s\u00fcdlich der Sahara<\/a> und <a title=\"SSG 6.311, Afrika s\u00fcdlich der Sahara, Graue Literatur\" href=\"http:\/\/www.giga-hamburg.de\/index.php?file=fb_af.html&amp;folder=bibliothek\" target=\"_blank\">SSG 6.311, Afrika s\u00fcdlich der Sahara, Graue Literatur<\/a>). Dabei klammert ilissAfrica nach den DFG-Richtlinien das Horn von Afrika und Mauretanien aus; f\u00fcr diese L\u00e4nder ist <a title=\"Middle East Virtual Library\" href=\"http:\/\/www.menalib.de\/\" target=\"_blank\">MENALIB<\/a> zust\u00e4ndig. ilissAfrica deckt nicht nur die traditionellen Afrika-F\u00e4cher Afrikanistik und Ethnologie ab, es umfasst auch alle anderen geistes- und sozialwissenschaftlichen F\u00e4cher.<\/p>\n<p>Die ViFa ilissAfrica besteht im Wesentlichen aus drei Modulen:<\/p>\n<ul>\n<li>einer <a title=\"Metasuche von ilissAfrica\" href=\"http:\/\/www.ilissafrica.de\/vk\/\" target=\"_blank\">Metasuche<\/a>, die alle eingebundenen Kataloge und Datenbanken durchsucht,<\/li>\n<\/ul>\n<ul>\n<li>einem <a title=\"Fachinformationsf\u00fchrer von ilissAfrica\" href=\"http:\/\/www.ilissafrica.de\/als\/iliss-simple.html\" target=\"_blank\">Fachinformationsf\u00fchrer<\/a>, f\u00fcr den bislang etwa 3.000 Websites (im <a title=\"Academic LinkShare-Verbund\" href=\"http:\/\/www.academic-linkshare.de\/\" target=\"_blank\">Academic LinkShare-Verbund<\/a>) erschlossen wurden und<\/li>\n<\/ul>\n<ul>\n<li>einer <a title=\"Personendatenbank in ilissAfrica\" href=\"http:\/\/www.ilissafrica.de\/nn\/\" target=\"_blank\">Personendatenbank<\/a>, die es NachwuchswissenschaftlerInnen mit Afrikabezug erlaubt, sich zu vernetzen.<\/li>\n<\/ul>\n<p>ilissAfrica ist \u201ework in progress\u201c. Alle Module werden in den kommenden Monaten ausgebaut. Dabei sollen die W\u00fcnsche der NutzerInnen soweit wie m\u00f6glich ber\u00fccksichtigt werden.<\/p>\n<p><em>Dieser Beitrag wurde vom <a title=\"Ansprechpartner von ilissAfrica\" href=\"http:\/\/www.ilissafrica.de\/about\/contact-persons.html\" target=\"_blank\">ilissAfrica-Team<\/a> geschrieben.<\/em><\/p>\n","protected":false},"excerpt":{"rendered":"<p>Mit dem Online-Gang von ilissAfrica, der internet library sub-saharan Africa, am 1. Juni 2009 gibt es nun auch f\u00fcr 40 L\u00e4nder Afrikas s\u00fcdlich der Sahara ein m\u00e4chtiges und weltweit verf\u00fcgbares Hilfsmittel der Literatur- und Informationsrecherche. Die Virtuelle Fachbibliothek (ViFa) ist unter www.ilissafrica.de zu erreichen. P\u00fcnktlich zum Onlinegang wurde die neue ViFa auf dem Bibliothekartag in&#8230;  <a href=\"https:\/\/blogs.sub.uni-hamburg.de\/webis\/2009\/06\/25\/ilissafrica_ist_online\/\" title=\"Read Startschuss f\u00fcr ilissAfrica \u2013 Neue ViFa stellt sich auf Konferenz der europ\u00e4ischen Afrikawissenschaften vor\">Read more &raquo;<\/a><\/p>\n","protected":false},"author":17,"featured_media":0,"comment_status":"open","ping_status":"open","sticky":false,"template":"","format":"standard","meta":{"footnotes":""},"categories":[4,6],"tags":[11,12,102,591,153,217,271],"class_list":["post-707","post","type-post","status-publish","format-standard","hentry","category-fachportale","category-projekte","tag-afrika-sudlich-der-sahara","tag-afrikanistik","tag-ethnologie","tag-fachportale","tag-ilissafrica","tag-onlinegang","tag-sozialwissenschaften"],"_links":{"self":[{"href":"https:\/\/blogs.sub.uni-hamburg.de\/webis\/wp-json\/wp\/v2\/posts\/707","targetHints":{"allow":["GET"]}}],"collection":[{"href":"https:\/\/blogs.sub.uni-hamburg.de\/webis\/wp-json\/wp\/v2\/posts"}],"about":[{"href":"https:\/\/blogs.sub.uni-hamburg.de\/webis\/wp-json\/wp\/v2\/types\/post"}],"author":[{"embeddable":true,"href":"https:\/\/blogs.sub.uni-hamburg.de\/webis\/wp-json\/wp\/v2\/users\/17"}],"replies":[{"embeddable":true,"href":"https:\/\/blogs.sub.uni-hamburg.de\/webis\/wp-json\/wp\/v2\/comments?post=707"}],"version-history":[{"count":1,"href":"https:\/\/blogs.sub.uni-hamburg.de\/webis\/wp-json\/wp\/v2\/posts\/707\/revisions"}],"predecessor-version":[{"id":2976,"href":"https:\/\/blogs.sub.uni-hamburg.de\/webis\/wp-json\/wp\/v2\/posts\/707\/revisions\/2976"}],"wp:attachment":[{"href":"https:\/\/blogs.sub.uni-hamburg.de\/webis\/wp-json\/wp\/v2\/media?parent=707"}],"wp:term":[{"taxonomy":"category","embeddable":true,"href":"https:\/\/blogs.sub.uni-hamburg.de\/webis\/wp-json\/wp\/v2\/categories?post=707"},{"taxonomy":"post_tag","embeddable":true,"href":"https:\/\/blogs.sub.uni-hamburg.de\/webis\/wp-json\/wp\/v2\/tags?post=707"}],"curies":[{"name":"wp","href":"https:\/\/api.w.org\/{rel}","templated":true}]}}