{"id":3197,"date":"2012-03-13T21:36:32","date_gmt":"2012-03-13T20:36:32","guid":{"rendered":"http:\/\/blogs.sub.uni-hamburg.de\/webis\/?p=3197"},"modified":"2012-03-14T13:24:05","modified_gmt":"2012-03-14T12:24:05","slug":"die-vifa-benelux-ist-am-start","status":"publish","type":"post","link":"https:\/\/blogs.sub.uni-hamburg.de\/webis\/2012\/03\/13\/die-vifa-benelux-ist-am-start\/","title":{"rendered":"Die ViFa Benelux ist am Start"},"content":{"rendered":"<p><a href=\"https:\/\/blogs.sub.uni-hamburg.de\/webis\/wp-content\/uploads\/2012\/03\/vifa_kurz_cmyk1.jpg\"><img loading=\"lazy\" decoding=\"async\" class=\" wp-image-3232 alignright\" title=\"ViFa Benelux-Logo\" src=\"https:\/\/blogs.sub.uni-hamburg.de\/webis\/wp-content\/uploads\/2012\/03\/vifa_kurz_cmyk1-300x75.jpg\" alt=\"ViFa Benelux-Logo\" width=\"243\" height=\"61\" srcset=\"https:\/\/blogs.sub.uni-hamburg.de\/webis\/wp-content\/uploads\/2012\/03\/vifa_kurz_cmyk1-300x75.jpg 300w, https:\/\/blogs.sub.uni-hamburg.de\/webis\/wp-content\/uploads\/2012\/03\/vifa_kurz_cmyk1-1024x256.jpg 1024w, https:\/\/blogs.sub.uni-hamburg.de\/webis\/wp-content\/uploads\/2012\/03\/vifa_kurz_cmyk1-600x150.jpg 600w, https:\/\/blogs.sub.uni-hamburg.de\/webis\/wp-content\/uploads\/2012\/03\/vifa_kurz_cmyk1.jpg 1920w\" sizes=\"auto, (max-width: 243px) 100vw, 243px\" \/><\/a>Die <strong><a title=\"ViFa Benelux - Virtuelle Fachbibliothek Benelux\" href=\"http:\/\/www.vifa-benelux.de\" target=\"_blank\">Virtuelle Fachbibliothek Benelux<\/a><\/strong>, das neue Fachportal f\u00fcr die Niederlandistik, Niederlande-, Belgien- und Luxemburgforschung sowie f\u00fcr die Frisistik und Afrikaanse Philologie <strong>ist seit dem 9. M\u00e4rz 2012 online<\/strong>. Auf der Tagung des Niederlandistenverbandes, welche am Wochenende an der Carl von Ossietzky Universit\u00e4t Oldenburg stattfand, wurde die ViFa Benelux der \u00d6ffentlichkeit vorgestellt (siehe auch <a title=\"ViFa Benelux online: Niederlandistenverband heeft de primeur!\" href=\"http:\/\/vifabenelux.wordpress.com\/2012\/03\/09\/vifa-benelux-online-niederlandistenverband-heeft-de-primeur\/\" target=\"_blank\">ViFa Benelux-Blog<\/a> und <a title=\"Neue Virtuelle Fachbibliothek Benelux\" href=\"http:\/\/www.ub.uni-koeln.de\/res\/aktuell\/vifabenelux\/index_ger.html\" target=\"_blank\">Aktuelles der USB K\u00f6ln<\/a>).<\/p>\n<p><a href=\"http:\/\/www.vifa-benelux.de\"><img loading=\"lazy\" decoding=\"async\" class=\"alignleft size-medium wp-image-3202\" style=\"margin: 10px;\" title=\"ViFa Benelux\" src=\"https:\/\/blogs.sub.uni-hamburg.de\/webis\/wp-content\/uploads\/2012\/03\/vifa-benelux-300x165.png\" alt=\"\" width=\"300\" height=\"165\" srcset=\"https:\/\/blogs.sub.uni-hamburg.de\/webis\/wp-content\/uploads\/2012\/03\/vifa-benelux-300x165.png 300w, https:\/\/blogs.sub.uni-hamburg.de\/webis\/wp-content\/uploads\/2012\/03\/vifa-benelux.png 984w\" sizes=\"auto, (max-width: 300px) 100vw, 300px\" \/><\/a>Die ViFa Benelux ist ein gemeinsames Projekt der Universit\u00e4ts- und Stadtbibliothek K\u00f6ln (zust\u00e4ndig f\u00fcr die technische Umsetzung) und der Universit\u00e4ts- und Landesbibliothek M\u00fcnster (Projektleitung). Beide Institutionen sind von der Deutschen Forschungsgemeinschaft mit dem <a title=\"Sondersammelgebiet Benelux (7.23) in Webis\" href=\"http:\/\/webis.sub.uni-hamburg.de\/webis\/index.php\/Benelux_%287.23%29\" target=\"_blank\">Sondersammelgebiet Benelux <\/a>betraut. Auch der <a title=\"Projekt ViFa Benelux\" href=\"http:\/\/www.ulb.uni-muenster.de\/bibliothek\/aktivitaeten\/projekt_vifa.html\" target=\"_blank\">Aufbau der Virtuellen Fachbibliothek <\/a>wird von der DFG gef\u00f6rdert.<br \/>\nDie neue ViFa l\u00f6st die <a title=\"Nedguide - Virtuelle Fachbibliothek Niederl\u00e4ndischer Kulturkreis\" href=\"http:\/\/www.nedguide.de\/\" target=\"_blank\">Virtuelle Fachbibliothek Niederl\u00e4ndischer Kulturkreis \/ NedGuide<\/a> der ULB M\u00fcnster sowie die <a title=\"Fachinformationsseiten Belgien\/Luxemburg\" href=\"http:\/\/www.ub.uni-koeln.de\/bibliothek\/ssg\/dfg\/benelux\/vfbbelux\/index_ger.html\" target=\"_blank\">Fachinformationsseiten Belgien\/Luxemburg<\/a> der USB K\u00f6ln ab.<\/p>\n<p>Bereits im letzten Jahr wurden <a title=\"Erste Produkte der ViFa Benelux im Web verf\u00fcgbar\" href=\"https:\/\/blogs.sub.uni-hamburg.de\/webis\/2011\/05\/04\/erste-produkte-der-vifa-benelux-im-web-verfuegbar\/\" target=\"_blank\">erste Module der ViFa Benelux ver\u00f6ffentlicht<\/a>. Die <a title=\"Elektronische Zeitschriftenbibliothek (EZB), Fachsicht Benelux\" href=\"http:\/\/rzblx1.uni-regensburg.de\/ezbzdb\/ezeit\/fl_vifa?vifa=ViFaBenelux\" target=\"_blank\">Fachsicht Benelux aus der Elektronischen Zeitschriftenbibliothek (EZB)<\/a> sowie aus dem <a title=\"Datenbank-Infosystem (DBIS), Fachsicht Benelux\" href=\"http:\/\/rzblx10.uni-regensburg.de\/dbinfo\/fachliste.php?bib_id=benelux&amp;colors=3&amp;ocolors=40&amp;lett=l\" target=\"_blank\">Datenbank-Infosystem (DBIS)<\/a> waren bereits seit Mai 2011 nutzbar. <a title=\"ViFa Benelux-Blog online!\" href=\"https:\/\/blogs.sub.uni-hamburg.de\/webis\/2011\/12\/06\/vifa-benelux-blog-online\/\" target=\"_blank\">Im Dezember<\/a> 2011 kam das <a title=\"ViFa Benelux Blog\" href=\"http:\/\/vifabenelux.wordpress.com\/\" target=\"_blank\">ViFa Benelux Blog<\/a> dazu.<\/p>\n<p><strong><a href=\"http:\/\/www.vifa-benelux.de\/fofuewiki\/index.php\/Startseite\"><img loading=\"lazy\" decoding=\"async\" class=\"alignright size-medium wp-image-3203\" style=\"margin: 5px;\" title=\"Forschungsf\u00fchrer der ViFa Benelux\" src=\"https:\/\/blogs.sub.uni-hamburg.de\/webis\/wp-content\/uploads\/2012\/03\/vifa-benelux-forschungsf\u00fchrer-300x199.png\" alt=\"\" width=\"300\" height=\"199\" srcset=\"https:\/\/blogs.sub.uni-hamburg.de\/webis\/wp-content\/uploads\/2012\/03\/vifa-benelux-forschungsf\u00fchrer-300x199.png 300w, https:\/\/blogs.sub.uni-hamburg.de\/webis\/wp-content\/uploads\/2012\/03\/vifa-benelux-forschungsf\u00fchrer.png 940w\" sizes=\"auto, (max-width: 300px) 100vw, 300px\" \/><\/a>Die ViFa Benelux wurde zun\u00e4chst als Beta-Version ver\u00f6ffentlicht<\/strong>.\u00a0 Die eben genannten bereits vorhanden Module wurden in den ViFa intergriert, eine Reihe weiterer Module und Funktionen sind hinzugekommen. Selbstverst\u00e4ndlich wird eine <a title=\"Metasuche ...\" href=\"http:\/\/www.vifa-benelux.de\/IPS?SERVICE=TEMPLATE&amp;SUBSERVICE=SEARCHMASK&amp;LOCATION=Benelux&amp;VIEW=Benelux:AlleDatenbanken&amp;SEARCHMODE=&amp;LANGUAGE=de\" target=\"_blank\">Metasuche<\/a> \u00fcber zahlreiche Fachkataloge und -datenbanken angeboten. Hervorzuheben ist sicher auch der <a title=\"Der ViFa Benelux-Forschungsf\u00fchrer ist ein Informationsangebot der Virtuellen Fachbibliothek Benelux.\" href=\"http:\/\/www.vifa-benelux.de\/IPS?SERVICE=TEMPLATE&amp;SUBSERVICE=RESEARCHLEADER&amp;LOCATION=Benelux&amp;VIEW=Benelux:AlleDatenbanken&amp;LANGUAGE=de\" target=\"_blank\">Forschungsf\u00fchrer<\/a>, das Forscher- und Forschungswiki der ViFa Benelux. Ganz \u00e4hnlich wie in dem vor kurzen <a title=\"ciberaForscherWiki: Forscherdatenbank als ViFa-Modul\" href=\"https:\/\/blogs.sub.uni-hamburg.de\/webis\/2012\/02\/08\/ciberaforscherwiki-forscherdatenbank-als-vifa-modul\/\">hier im Blog von Markus Trapp vorgestellten cibera ForscherWiki<\/a> k\u00f6nnen die Forscherinnen und Forscher bzw. Forschungseinrichtungen dieses Angebot aktiv mitgestalten. <a title=\"LOTSE\" href=\"http:\/\/lotse.uni-muenster.de\/\" target=\"_blank\">LOTSE<\/a> wird als <a title=\"Wegweiser zur Literatursuche und zum wissenschaftlichen Arbeiten: LOTSE Niederlandistik\/ Niederlande-Studien und LOTSE Belgien\/ Luxemburg\" href=\"http:\/\/www.vifa-benelux.de\/IPS?SERVICE=TEMPLATE&amp;SUBSERVICE=LOTSE&amp;LOCATION=Benelux&amp;VIEW=Benelux:AlleDatenbanken&amp;LANGUAGE=de\" target=\"_blank\">Wegweiser zur Literatursuche und zum wissenschaftlichen Arbeiten<\/a> genutzt, die Zug\u00e4nge zu den Fachsichten Niederlandistik\/ Niederlande-Studien und Belgien\/ Luxemburg in Lotse werden in der ViFa verlinkt. Noch im Aufbau befindet sich der fachliche\u00a0<a href=\"http:\/\/www.vifa-benelux.de\/IPS?SERVICE=TEMPLATE&amp;SUBSERVICE=MANUAL&amp;LOCATION=Benelux&amp;VIEW=Benelux:AlleDatenbanken&amp;LANGUAGE=de\" target=\"_blank\">Dokumentenserver Benelux-Dok<\/a>, Informationen f\u00fcr Autorinnen und Autoren werden aber schon zur Verf\u00fcgung gestellt. Neuerwerbungsdienst und Newsletter runden das Angebot ab.<\/p>\n<p>Die ViFa Benelux wurde mit der Portalsoftware <a title=\"IPS: Information Portal Suite - die bibliothekarische Portal-Software\" href=\"http:\/\/www.hbz-nrw.de\/angebote\/ips\/index_html\" target=\"_blank\">IPS: Information Portal Suite<\/a> realisiert und nutzt das <a title=\"YAML CSS Framework\" href=\"http:\/\/www.yaml.de\/\" target=\"_blank\">YAML CSS Framework<\/a>. Das Bibliothekportal der USB K\u00f6ln basiert ebenfalls auf IPS, sodass entsprechende Erfahrungen vorhanden sind. Auch das vascoda-Portal wurde ja mit der IPS-Portalsoftware\u00a0 und YAML betrieben. Eine Herausforderung, die sich durch den Einsatz von IPS ergibt und die mir <a title=\"vascoda-Seiten bookmarken und verlinken\" href=\"http:\/\/vascoda.wordpress.com\/2009\/02\/05\/vascoda-seiten-verlinken\/\" target=\"_blank\">aus dem vascoda-Portal noch sehr vertraut<\/a> ist, muss auch die ViFa Benelux noch meistern. Beim Aufruf des Portals wird automatisch eine Session generiert, die nach einer gewissen Zeit der Inaktivit\u00e4t verf\u00e4llt. Auf diese Weise lassen sich Unterseiten der ViFa nicht ohne weiteres direkt verlinken (es sei denn, man l\u00f6scht die Session-ID aus dem jeweiligen Link, wobei dann beim Wechseln auf ein anderes Modul das Fehlen der Session moniert wird). Besser w\u00e4ren permanente und auch sprechende URLs. Dieses Problem ist bekannt und wird sicher noch bis zum Projektende gel\u00f6st.<\/p>\n<p>Auch ansonsten bleibt noch das eine oder andere zu tun in der ViFa Benelux. Der fachliche Dokumentenserver ist, wie gesagt im Aufbau, eine Personalisierungskomponente ist vorgesehen, die Hilfetexte sowie ein englischsprachige Version sind in der Vorbereitung.\u00a0 \u00dcber die weitere Entwicklung wird hier und im Blog der ViFa Benelux berichtet.<\/p>\n<p>Lobenswert sind die schon vorhandenen M\u00f6glichkeiten, die Fachwissenschaftlerinnen und Fachwissenschaftler einzubinden. Diese k\u00f6nnen sich mit eigenen Beitr\u00e4gen und Kommentaren im ViFa Benelux-Blog, durch Aktualiserung und Erg\u00e4nzung von Eintr\u00e4gen im Forschungsf\u00fchrer und durch das Bereitstellen von Publikationen f\u00fcr den Dokumentenserver aktiv an der modular aufgebauten ViFa Benelux beteiligen.<\/p>\n<p>&nbsp;<\/p>\n","protected":false},"excerpt":{"rendered":"<p>Die Virtuelle Fachbibliothek Benelux, das neue Fachportal f\u00fcr die Niederlandistik, Niederlande-, Belgien- und Luxemburgforschung sowie f\u00fcr die Frisistik und Afrikaanse Philologie ist seit dem 9. M\u00e4rz 2012 online. Auf der Tagung des Niederlandistenverbandes, welche am Wochenende an der Carl von Ossietzky Universit\u00e4t Oldenburg stattfand, wurde die ViFa Benelux der \u00d6ffentlichkeit vorgestellt (siehe auch ViFa Benelux-Blog&#8230;  <a href=\"https:\/\/blogs.sub.uni-hamburg.de\/webis\/2012\/03\/13\/die-vifa-benelux-ist-am-start\/\" title=\"Read Die ViFa Benelux ist am Start\">Read more &raquo;<\/a><\/p>\n","protected":false},"author":4,"featured_media":3207,"comment_status":"open","ping_status":"open","sticky":false,"template":"","format":"standard","meta":{"footnotes":""},"categories":[4,6],"tags":[393,390,389,27,43,398,397,392,399,391,201,202,396,395,394,335,344],"class_list":["post-3197","post","type-post","status-publish","format-standard","has-post-thumbnail","hentry","category-fachportale","category-projekte","tag-afrikaanse-philologie","tag-belgienforschung","tag-benelux","tag-beneluxlander","tag-blog","tag-forscher-wiki","tag-forschungsfuehrer","tag-frisistik","tag-ips-information-portal-suite","tag-luxemburgforschung","tag-niederlande-studien","tag-niederlandistik","tag-ssg-7-23","tag-ulb-muenster","tag-usb-koeln","tag-virtuelle-fachbibliothek","tag-weblog"],"_links":{"self":[{"href":"https:\/\/blogs.sub.uni-hamburg.de\/webis\/wp-json\/wp\/v2\/posts\/3197","targetHints":{"allow":["GET"]}}],"collection":[{"href":"https:\/\/blogs.sub.uni-hamburg.de\/webis\/wp-json\/wp\/v2\/posts"}],"about":[{"href":"https:\/\/blogs.sub.uni-hamburg.de\/webis\/wp-json\/wp\/v2\/types\/post"}],"author":[{"embeddable":true,"href":"https:\/\/blogs.sub.uni-hamburg.de\/webis\/wp-json\/wp\/v2\/users\/4"}],"replies":[{"embeddable":true,"href":"https:\/\/blogs.sub.uni-hamburg.de\/webis\/wp-json\/wp\/v2\/comments?post=3197"}],"version-history":[{"count":32,"href":"https:\/\/blogs.sub.uni-hamburg.de\/webis\/wp-json\/wp\/v2\/posts\/3197\/revisions"}],"predecessor-version":[{"id":3237,"href":"https:\/\/blogs.sub.uni-hamburg.de\/webis\/wp-json\/wp\/v2\/posts\/3197\/revisions\/3237"}],"wp:featuredmedia":[{"embeddable":true,"href":"https:\/\/blogs.sub.uni-hamburg.de\/webis\/wp-json\/wp\/v2\/media\/3207"}],"wp:attachment":[{"href":"https:\/\/blogs.sub.uni-hamburg.de\/webis\/wp-json\/wp\/v2\/media?parent=3197"}],"wp:term":[{"taxonomy":"category","embeddable":true,"href":"https:\/\/blogs.sub.uni-hamburg.de\/webis\/wp-json\/wp\/v2\/categories?post=3197"},{"taxonomy":"post_tag","embeddable":true,"href":"https:\/\/blogs.sub.uni-hamburg.de\/webis\/wp-json\/wp\/v2\/tags?post=3197"}],"curies":[{"name":"wp","href":"https:\/\/api.w.org\/{rel}","templated":true}]}}