{"id":1672,"date":"2010-10-28T19:16:24","date_gmt":"2010-10-28T17:16:24","guid":{"rendered":"http:\/\/blogs.sub.uni-hamburg.de\/webis\/?p=1672"},"modified":"2010-10-28T19:16:24","modified_gmt":"2010-10-28T17:16:24","slug":"kick-off-der-vifa-benelux","status":"publish","type":"post","link":"https:\/\/blogs.sub.uni-hamburg.de\/webis\/2010\/10\/28\/kick-off-der-vifa-benelux\/","title":{"rendered":"Kick-Off der ViFa Benelux"},"content":{"rendered":"<p>Am 27.09.2010 fand an der Universit\u00e4ts- und Landesbibliothek (ULB) M\u00fcnster die Auftaktsitzung des Projektes ViFa Benelux statt. Das gemeinsam von der ULB M\u00fcnster und der Universit\u00e4ts- und Stadtbibliothek (USB) K\u00f6ln durchgef\u00fchrte DFG-Projekt wurde am 01.09.2010 gestartet und hat eine Laufzeit von 2 Jahren.<\/p>\n<p>Die Veranstaltung bot den neu eingestellten Projektmitarbeiter(inne)n die Gelegenheit, alle Teammitglieder kennenzulernen, ein konkreteres Bild der Projektziele zu erhalten und eigene Anregungen in das Projekt einzubringen. Dar\u00fcber hinaus wurden Fragen der internen Kommunikation sowie die n\u00e4chsten Arbeitsschritte er\u00f6rtert.<\/p>\n<p>Zum Projektteam an der USB K\u00f6ln geh\u00f6ren Ralf Depping, Peter Kost\u00e4dt, Tatjana Mrowka und Heinrich Rohde. Das Team der ULB M\u00fcnster besteht aus Frederic Arntz, Stephanie Kl\u00f6tgen, J\u00f6rg Lorenz, Theresa L\u00fctke und Ilona Riek (Projektmanagement).<\/p>\n<p>Weitere Informationen zum Projekt ViFa Benelux finden Sie <a href=\"https:\/\/blogs.sub.uni-hamburg.de\/webis\/2010\/04\/30\/projekt-vifa-benelux-genehmigt\/\">hier<\/a>.<\/p>\n<p><strong>Kontakt:<\/strong><\/p>\n<p>Ilona Riek<br \/>\n<a href=\"http:\/\/www.ulb.uni-muenster.de\/sammlungen\/ssg-nl\/index.html\">SSG Benelux<\/a><br \/>\nUniversit\u00e4ts- und Landesbibliothek M\u00fcnster<br \/>\nKrummer Timpen 3<br \/>\n48143 M\u00fcnster<\/p>\n<p>Tel.: 0251-83 240 71<br \/>\n<a href=\"mailto:riek@uni-muenster.de\">E-Mail <\/a><\/p>\n","protected":false},"excerpt":{"rendered":"<p>Am 27.09.2010 fand an der Universit\u00e4ts- und Landesbibliothek (ULB) M\u00fcnster die Auftaktsitzung des Projektes ViFa Benelux statt. Das gemeinsam von der ULB M\u00fcnster und der Universit\u00e4ts- und Stadtbibliothek (USB) K\u00f6ln durchgef\u00fchrte DFG-Projekt wurde am 01.09.2010 gestartet und hat eine Laufzeit von 2 Jahren. Die Veranstaltung bot den neu eingestellten Projektmitarbeiter(inne)n die Gelegenheit, alle Teammitglieder kennenzulernen,&#8230;  <a href=\"https:\/\/blogs.sub.uni-hamburg.de\/webis\/2010\/10\/28\/kick-off-der-vifa-benelux\/\" title=\"Read Kick-Off der ViFa Benelux\">Read more &raquo;<\/a><\/p>\n","protected":false},"author":22,"featured_media":0,"comment_status":"open","ping_status":"open","sticky":false,"template":"","format":"standard","meta":{"footnotes":""},"categories":[4,6],"tags":[27,73,116,201,202,233,319,335],"class_list":["post-1672","post","type-post","status-publish","format-standard","hentry","category-fachportale","category-projekte","tag-beneluxlander","tag-dfg","tag-fachportal","tag-niederlande-studien","tag-niederlandistik","tag-projekt","tag-vifa","tag-virtuelle-fachbibliothek"],"_links":{"self":[{"href":"https:\/\/blogs.sub.uni-hamburg.de\/webis\/wp-json\/wp\/v2\/posts\/1672","targetHints":{"allow":["GET"]}}],"collection":[{"href":"https:\/\/blogs.sub.uni-hamburg.de\/webis\/wp-json\/wp\/v2\/posts"}],"about":[{"href":"https:\/\/blogs.sub.uni-hamburg.de\/webis\/wp-json\/wp\/v2\/types\/post"}],"author":[{"embeddable":true,"href":"https:\/\/blogs.sub.uni-hamburg.de\/webis\/wp-json\/wp\/v2\/users\/22"}],"replies":[{"embeddable":true,"href":"https:\/\/blogs.sub.uni-hamburg.de\/webis\/wp-json\/wp\/v2\/comments?post=1672"}],"version-history":[{"count":0,"href":"https:\/\/blogs.sub.uni-hamburg.de\/webis\/wp-json\/wp\/v2\/posts\/1672\/revisions"}],"wp:attachment":[{"href":"https:\/\/blogs.sub.uni-hamburg.de\/webis\/wp-json\/wp\/v2\/media?parent=1672"}],"wp:term":[{"taxonomy":"category","embeddable":true,"href":"https:\/\/blogs.sub.uni-hamburg.de\/webis\/wp-json\/wp\/v2\/categories?post=1672"},{"taxonomy":"post_tag","embeddable":true,"href":"https:\/\/blogs.sub.uni-hamburg.de\/webis\/wp-json\/wp\/v2\/tags?post=1672"}],"curies":[{"name":"wp","href":"https:\/\/api.w.org\/{rel}","templated":true}]}}