{"id":1612,"date":"2010-09-20T10:10:54","date_gmt":"2010-09-20T08:10:54","guid":{"rendered":"http:\/\/blogs.sub.uni-hamburg.de\/webis\/?p=1612"},"modified":"2012-01-12T11:26:44","modified_gmt":"2012-01-12T10:26:44","slug":"gin-nutzerumfrage-2010","status":"publish","type":"post","link":"https:\/\/blogs.sub.uni-hamburg.de\/webis\/2010\/09\/20\/gin-nutzerumfrage-2010\/","title":{"rendered":"10 Fragen \u2013 10 Antworten: GiN-Nutzerumfrage 2010"},"content":{"rendered":"<p><a href=\"http:\/\/www.germanistik-im-netz.de\/umfrage\/\"><img loading=\"lazy\" decoding=\"async\" class=\"alignright size-medium wp-image-1613\" title=\"GiN-Nutzerumfrage 2010\" src=\"https:\/\/blogs.sub.uni-hamburg.de\/webis\/wp-content\/uploads\/2010\/09\/gin-nutzerumfrage2010-300x245.jpg\" alt=\"\" width=\"210\" height=\"172\" srcset=\"https:\/\/blogs.sub.uni-hamburg.de\/webis\/wp-content\/uploads\/2010\/09\/gin-nutzerumfrage2010-300x245.jpg 300w, https:\/\/blogs.sub.uni-hamburg.de\/webis\/wp-content\/uploads\/2010\/09\/gin-nutzerumfrage2010.jpg 998w\" sizes=\"auto, (max-width: 210px) 100vw, 210px\" \/><\/a>Die Virtuelle Fachbibliothek Germanistik \u2013 Germanistik im Netz (GiN) m\u00f6chte ihr Angebot verbessern und f\u00fchrt derzeit eine kleine Nutzerumfrage unter dem Motto &#8222;10 Fragen \u2013 10 Antworten&#8220; durch.<\/p>\n<p>Was gef\u00e4llt Ihnen an Germanistik im Netz, welche Inhalte und Funktionen vermissen Sie, was k\u00f6nnte man besser machen?<\/p>\n<p>Nehmen Sie sich ein wenig Zeit f\u00fcr GiN:<\/p>\n<p><a title=\"GiN-Nutzerumfrage 2010\" href=\"http:\/\/www.germanistik-im-netz.de\/umfrage\/\" target=\"_blank\"><strong>http:\/\/www.germanistik-im-netz.de\/umfrage\/<\/strong><\/a><\/p>\n","protected":false},"excerpt":{"rendered":"<p>Die Virtuelle Fachbibliothek Germanistik \u2013 Germanistik im Netz (GiN) m\u00f6chte ihr Angebot verbessern und f\u00fchrt derzeit eine kleine Nutzerumfrage unter dem Motto &#8222;10 Fragen \u2013 10 Antworten&#8220; durch. Was gef\u00e4llt Ihnen an Germanistik im Netz, welche Inhalte und Funktionen vermissen Sie, was k\u00f6nnte man besser machen? Nehmen Sie sich ein wenig Zeit f\u00fcr GiN: http:\/\/www.germanistik-im-netz.de\/umfrage\/<\/p>\n","protected":false},"author":4,"featured_media":0,"comment_status":"open","ping_status":"open","sticky":false,"template":"","format":"standard","meta":{"footnotes":""},"categories":[4],"tags":[137,141,203,336],"class_list":["post-1612","post","type-post","status-publish","format-standard","hentry","category-fachportale","tag-germanistik-im-netz","tag-gin","tag-nutzerumfrage","tag-virtuelle-fachbibliothek-germanistik"],"_links":{"self":[{"href":"https:\/\/blogs.sub.uni-hamburg.de\/webis\/wp-json\/wp\/v2\/posts\/1612","targetHints":{"allow":["GET"]}}],"collection":[{"href":"https:\/\/blogs.sub.uni-hamburg.de\/webis\/wp-json\/wp\/v2\/posts"}],"about":[{"href":"https:\/\/blogs.sub.uni-hamburg.de\/webis\/wp-json\/wp\/v2\/types\/post"}],"author":[{"embeddable":true,"href":"https:\/\/blogs.sub.uni-hamburg.de\/webis\/wp-json\/wp\/v2\/users\/4"}],"replies":[{"embeddable":true,"href":"https:\/\/blogs.sub.uni-hamburg.de\/webis\/wp-json\/wp\/v2\/comments?post=1612"}],"version-history":[{"count":1,"href":"https:\/\/blogs.sub.uni-hamburg.de\/webis\/wp-json\/wp\/v2\/posts\/1612\/revisions"}],"predecessor-version":[{"id":2963,"href":"https:\/\/blogs.sub.uni-hamburg.de\/webis\/wp-json\/wp\/v2\/posts\/1612\/revisions\/2963"}],"wp:attachment":[{"href":"https:\/\/blogs.sub.uni-hamburg.de\/webis\/wp-json\/wp\/v2\/media?parent=1612"}],"wp:term":[{"taxonomy":"category","embeddable":true,"href":"https:\/\/blogs.sub.uni-hamburg.de\/webis\/wp-json\/wp\/v2\/categories?post=1612"},{"taxonomy":"post_tag","embeddable":true,"href":"https:\/\/blogs.sub.uni-hamburg.de\/webis\/wp-json\/wp\/v2\/tags?post=1612"}],"curies":[{"name":"wp","href":"https:\/\/api.w.org\/{rel}","templated":true}]}}