{"id":1236,"date":"2010-01-21T11:19:33","date_gmt":"2010-01-21T10:19:33","guid":{"rendered":"http:\/\/blogs.sub.uni-hamburg.de\/webis\/?p=1236"},"modified":"2010-01-21T11:19:33","modified_gmt":"2010-01-21T10:19:33","slug":"vifa-recht-fachtagung-2010","status":"publish","type":"post","link":"https:\/\/blogs.sub.uni-hamburg.de\/webis\/2010\/01\/21\/vifa-recht-fachtagung-2010\/","title":{"rendered":"ViFa Recht Fachtagung 2010"},"content":{"rendered":"<h3>Modernes Dokumentenmanagement &#8211; zwischen Open Access und Datenschutz<\/h3>\n<p>Die <strong><a title=\"Vifa Recht - Virtuelle Fachbibliothek Recht\" href=\"http:\/\/vifa-recht.de\" target=\"_blank\">Virtuelle Fachbibliothek Recht<\/a><\/strong> freut sich, ihre in Kooperation mit der Arbeitsgemeinschaft f\u00fcr juristisches Bibliotheks- und Dokumentationswesen (AjBD) ausgerichtete Fachtagung 2010 ank\u00fcndigen zu k\u00f6nnen.<\/p>\n<p>Die unter dem Motto &#8222;Modernes Dokumentenmanagement &#8211; zwischen Open Access und Datenschutz&#8220; stehende Veranstaltung findet am 25.\/26.2.2010 in der Staatsbibliothek zu Berlin statt.<\/p>\n<p>In drei Vortragsbl\u00f6cken m\u00f6chte die Virtuelle Fachbibliothek Recht \u00fcber die Bereiche &#8222;Open Access&#8220;, &#8222;Datenschutz und -sicherheit&#8220; und &#8222;Urheberrecht und Plagiatsschutz&#8220; informieren und aktuelle Fragestellungen im Plenum zur Diskussion stellen.<br \/>\nEine Bibliotheksf\u00fchrung und ein gemeinsames Abendessen runden das Programm auf Wunsch ab.<\/p>\n<p>Zielgruppe der Veranstaltung sind vor allem Rechtswissenschaftlerinnen und \u2013wissenschaftler und Mitarbeiterinnen und Mitarbeiter im juristischen Bereich angesiedelter wissenschaftlicher Einrichtungen sowie Mitarbeiterinnen und Mitarbeiter juristischer Bibliotheken und Informationsvermittler. Interessierte G\u00e4ste aus anderen Bereichen sind selbstverst\u00e4ndlich ebenfalls herzlich willkommen.<\/p>\n<p>Da die Teilnehmerzahl auf 120 Anmeldungen beschr\u00e4nkt bleiben muss, erbitten wir die baldige elektronische <strong><a title=\"ViFa Recht: Fachtagung 2010\" href=\"http:\/\/www.vifa-recht.de\/fachtagung2010\/\" target=\"_blank\">Anmeldung \u00fcber die Webseite der Fachtagung<\/a><\/strong>. Dort finden Sie auch Informationen zu Anreise und Unterkunft, zum Begleitprogramm sowie\u00a0 zu den einzelnen Vortr\u00e4gen und Referenten und k\u00f6nnen das Teilnehmerverzeichnis einsehen.<\/p>\n<p><span style=\"text-decoration:underline;\">Kontakt:<\/span><\/p>\n<p>Virtuelle Fachbibliothek Recht &#8211; Projektkoordination<br \/>\nAngela Pohl<br \/>\n<a title=\"Kontaktinformationen der ViFa recht\" href=\"http:\/\/vifa-recht.de\/kontakt\/\" target=\"_blank\">http:\/\/vifa-recht.de\/kontakt\/<\/a><\/p>\n","protected":false},"excerpt":{"rendered":"<p>Modernes Dokumentenmanagement &#8211; zwischen Open Access und Datenschutz Die Virtuelle Fachbibliothek Recht freut sich, ihre in Kooperation mit der Arbeitsgemeinschaft f\u00fcr juristisches Bibliotheks- und Dokumentationswesen (AjBD) ausgerichtete Fachtagung 2010 ank\u00fcndigen zu k\u00f6nnen. Die unter dem Motto &#8222;Modernes Dokumentenmanagement &#8211; zwischen Open Access und Datenschutz&#8220; stehende Veranstaltung findet am 25.\/26.2.2010 in der Staatsbibliothek zu Berlin statt&#8230;.  <a href=\"https:\/\/blogs.sub.uni-hamburg.de\/webis\/2010\/01\/21\/vifa-recht-fachtagung-2010\/\" title=\"Read ViFa Recht Fachtagung 2010\">Read more &raquo;<\/a><\/p>\n","protected":false},"author":12,"featured_media":0,"comment_status":"open","ping_status":"open","sticky":false,"template":"","format":"standard","meta":{"footnotes":""},"categories":[4],"tags":[64,84,120,205,218,301,321],"class_list":["post-1236","post","type-post","status-publish","format-standard","hentry","category-fachportale","tag-datenschutz","tag-dokumentenmanagement","tag-fachtagung","tag-oa","tag-open-access","tag-urheberrecht","tag-vifa-recht"],"_links":{"self":[{"href":"https:\/\/blogs.sub.uni-hamburg.de\/webis\/wp-json\/wp\/v2\/posts\/1236","targetHints":{"allow":["GET"]}}],"collection":[{"href":"https:\/\/blogs.sub.uni-hamburg.de\/webis\/wp-json\/wp\/v2\/posts"}],"about":[{"href":"https:\/\/blogs.sub.uni-hamburg.de\/webis\/wp-json\/wp\/v2\/types\/post"}],"author":[{"embeddable":true,"href":"https:\/\/blogs.sub.uni-hamburg.de\/webis\/wp-json\/wp\/v2\/users\/12"}],"replies":[{"embeddable":true,"href":"https:\/\/blogs.sub.uni-hamburg.de\/webis\/wp-json\/wp\/v2\/comments?post=1236"}],"version-history":[{"count":0,"href":"https:\/\/blogs.sub.uni-hamburg.de\/webis\/wp-json\/wp\/v2\/posts\/1236\/revisions"}],"wp:attachment":[{"href":"https:\/\/blogs.sub.uni-hamburg.de\/webis\/wp-json\/wp\/v2\/media?parent=1236"}],"wp:term":[{"taxonomy":"category","embeddable":true,"href":"https:\/\/blogs.sub.uni-hamburg.de\/webis\/wp-json\/wp\/v2\/categories?post=1236"},{"taxonomy":"post_tag","embeddable":true,"href":"https:\/\/blogs.sub.uni-hamburg.de\/webis\/wp-json\/wp\/v2\/tags?post=1236"}],"curies":[{"name":"wp","href":"https:\/\/api.w.org\/{rel}","templated":true}]}}