{"id":7479,"date":"2019-11-18T07:00:47","date_gmt":"2019-11-18T06:00:47","guid":{"rendered":"http:\/\/blogs.sub.uni-hamburg.de\/bergedorf\/?p=7479"},"modified":"2019-11-17T10:27:05","modified_gmt":"2019-11-17T09:27:05","slug":"nr-46-19-die-neue-lokalzeitung-das-bergedorf-sander-volksblatt","status":"publish","type":"post","link":"https:\/\/blogs.sub.uni-hamburg.de\/bergedorf\/?p=7479","title":{"rendered":"Die neue Lokalzeitung: Das Bergedorf-Sander Volksblatt"},"content":{"rendered":"<div id=\"attachment_7481\" style=\"width: 275px\" class=\"wp-caption alignright\"><a href=\"https:\/\/blogs.sub.uni-hamburg.de\/bergedorf\/wp-content\/uploads\/2019\/11\/BZ198-0099-Pressegr\u00fcndungen.jpg\"><img loading=\"lazy\" decoding=\"async\" aria-describedby=\"caption-attachment-7481\" class=\"wp-image-7481\" src=\"https:\/\/blogs.sub.uni-hamburg.de\/bergedorf\/wp-content\/uploads\/2019\/11\/BZ198-0099-Pressegr\u00fcndungen-300x220.jpg\" alt=\"\" width=\"265\" height=\"194\" srcset=\"https:\/\/blogs.sub.uni-hamburg.de\/bergedorf\/wp-content\/uploads\/2019\/11\/BZ198-0099-Pressegr\u00fcndungen-300x220.jpg 300w, https:\/\/blogs.sub.uni-hamburg.de\/bergedorf\/wp-content\/uploads\/2019\/11\/BZ198-0099-Pressegr\u00fcndungen.jpg 634w\" sizes=\"auto, (max-width: 265px) 100vw, 265px\" \/><\/a><p id=\"caption-attachment-7481\" class=\"wp-caption-text\">Bergedorfer Zeitung, 10. November 1919<\/p><\/div>\n<p>Da hatte die Bergedorfer Zeitung auf einmal einen Wettbewerber auf dem lokalen Zeitungsmarkt: \u201eein k\u00fcrzlich ins Leben gerufenes neues Parteiblatt\u201c der SPD Bergedorf und Sande, vollst\u00e4ndige Bezeichnung laut <a href=\"https:\/\/zdb-katalog.de\/title.xhtml?idn=018186416\">ZDB-Katalog<\/a>\u00a0 \u201eBergedorf-Sander Volksblatt: amtliches Organ; sozialdemokratische Zeitung f\u00fcr das hamburgische Landgebiet und die Kreise Lauenburg und Stormarn\u201c.<\/p>\n<p>Es w\u00e4re sch\u00f6n, wenn man von nun an die Berichterstattung kontrastierend und erg\u00e4nzend betrachten k\u00f6nnte, doch von dem 1933 durch die Nationalsozialisten verbotenen Volksblatt sind aus den Jahren bis 1929 nur ganz wenige Exemplare erhalten geblieben, sodass der Vergleich f\u00fcr das erste Jahrzehnt des Erscheinens leider nicht m\u00f6glich ist.<\/p>\n<p>Eigentlich hatte die SPD die Zeitung schon 1914 ins Leben rufen wollen, doch \u201eder Ausbruch des ersten Weltkriegs im August 1914 setzte diesem Bestreben ein vorzeitiges Ende\u201c, hei\u00dft es in der knappen Festschrift \u201e60 Jahre Verein der Anteilinhaber des \u201aBergedorf-Sander Volksblatt\u2018 e.V. von 1919-1979\u201c (S. 4), die sich im Bestand des <a href=\"https:\/\/www.bergedorfer-museumslandschaft.de\/sammlung\">Museums f\u00fcr Bergedorf und die Vierlande<\/a> befindet. Nach Kriegsende wurden die Vorarbeiten wieder aufgenommen: seit dem Sommer 1919 befassten sich die \u00f6rtlichen SPD-Gliederungen mit einem \u201ezu gr\u00fcndenden Parteiorgan f\u00fcr das Hamburger Landgebiet und die angrenzenden preu\u00dfischen Kreise\u201c (Bericht \u00fcber eine Mitgliederversammlung in Bergedorf, BZ vom 29. August; ferner Ank\u00fcndigungen von Mitgliederversammlungen der SPD in Curslack und Altengamme, BZ vom 4. und 16. September) und gaben gr\u00fcnes Licht: am 1. Oktober 1919 erschien die erste Ausgabe (Festschrift, ebd.) \u2013 diese Information lie\u00df die BZ ihren Lesern allerdings nicht zukommen.<\/p>\n<p>Die Bergedorf-Sander Initiatoren des Volksblatts wollten \u00fcber den hiesigen Rahmen hinaus wirken, was schlie\u00dflich auch gelang, wie aus dem oben zitierten Untertitel zu erkennen ist, doch war das ganze Vorhaben\u00a0 nicht unumstritten, wie aus dem BZ-Artikel hervorgeht: die Alt-Rahlstedter Genossen bef\u00fcrchteten eine Schw\u00e4chung der Parteizeitung \u201eHamburger Echo\u201c, und vielleicht war auch das \u201eEcho\u201c nicht gl\u00fccklich, denn bisherige Abonnenten k\u00f6nnten ja zum Volksblatt abwandern \u2013 und wenn die BZ ansonsten sehr zur\u00fcckhaltend war, Meldungen aus dem \u201eEcho\u201c zu \u00fcbernehmen: \u00fcber diese SPD-interne Kritik mit der Prognose, das Vorhaben k\u00f6nne \u201ekaum bestehen\u201c, berichtete sie vermutlich gern. Das neue Blatt wird aber die Zustimmung der Hamburger SPD-F\u00fchrung gefunden haben, sonst w\u00e4re es nicht \u201ein Hamburg bei dem Parteigesch\u00e4ft Auer &amp; Co. gedruckt\u201c worden (Festschrift, ebd.).<\/p>\n<p>In Sande waren Teile der Bev\u00f6lkerung geradezu erbost \u00fcber das neue Blatt, denn die amtlichen Bekanntmachungen sollten nach einem Beschluss der Gemeindevertretung (\u00fcber den die BZ \u00fcbrigens auch nicht berichtet hatte) nur im Volksblatt publiziert werden und nicht mehr in der BZ: das sei \u201eparteipolitische Gewaltherrschaft\u201c, man wolle die B\u00fcrger zwingen, das Blatt zu abonnieren \u201eum so den Leserkreis \u2026 zu vergr\u00f6\u00dfern\u201c, meinte der Sander B\u00fcrgerverein (BZ vom 7. November 1919).<\/p>\n<div id=\"attachment_7485\" style=\"width: 275px\" class=\"wp-caption alignleft\"><a href=\"https:\/\/blogs.sub.uni-hamburg.de\/bergedorf\/wp-content\/uploads\/2019\/11\/BZ198-0066-Sprech-Heinz.jpg\"><img loading=\"lazy\" decoding=\"async\" aria-describedby=\"caption-attachment-7485\" class=\"wp-image-7485\" src=\"https:\/\/blogs.sub.uni-hamburg.de\/bergedorf\/wp-content\/uploads\/2019\/11\/BZ198-0066-Sprech-Heinz-300x143.jpg\" alt=\"\" width=\"265\" height=\"126\" srcset=\"https:\/\/blogs.sub.uni-hamburg.de\/bergedorf\/wp-content\/uploads\/2019\/11\/BZ198-0066-Sprech-Heinz-300x143.jpg 300w, https:\/\/blogs.sub.uni-hamburg.de\/bergedorf\/wp-content\/uploads\/2019\/11\/BZ198-0066-Sprech-Heinz.jpg 660w\" sizes=\"auto, (max-width: 265px) 100vw, 265px\" \/><\/a><p id=\"caption-attachment-7485\" class=\"wp-caption-text\">Bergedorfer Zeitung, 10. November 1919<\/p><\/div>\n<div id=\"attachment_7490\" style=\"width: 275px\" class=\"wp-caption alignright\"><a href=\"https:\/\/blogs.sub.uni-hamburg.de\/bergedorf\/wp-content\/uploads\/2019\/11\/BZ198-0090-Sprech-F.-J.jpg\"><img loading=\"lazy\" decoding=\"async\" aria-describedby=\"caption-attachment-7490\" class=\"wp-image-7490\" src=\"https:\/\/blogs.sub.uni-hamburg.de\/bergedorf\/wp-content\/uploads\/2019\/11\/BZ198-0090-Sprech-F.-J-300x116.jpg\" alt=\"\" width=\"265\" height=\"102\" srcset=\"https:\/\/blogs.sub.uni-hamburg.de\/bergedorf\/wp-content\/uploads\/2019\/11\/BZ198-0090-Sprech-F.-J-300x116.jpg 300w, https:\/\/blogs.sub.uni-hamburg.de\/bergedorf\/wp-content\/uploads\/2019\/11\/BZ198-0090-Sprech-F.-J.jpg 639w\" sizes=\"auto, (max-width: 265px) 100vw, 265px\" \/><\/a><p id=\"caption-attachment-7490\" class=\"wp-caption-text\">Bergedorfer Zeitung, 16. November 1919 (gek\u00fcrzt)<\/p><\/div>\n<p>&nbsp;<\/p>\n<p>&nbsp;<\/p>\n<p>&nbsp;<\/p>\n<p>&nbsp;<\/p>\n<p>&nbsp;<\/p>\n<p>Offenbar schrieb auch das Volksblatt mindestens einen Artikel zu diesem Thema, wie aus einem weiteren Sprechsaal-Beitrag in der BZ hervorgeht (BZ vom 18. November) \u2013 der Volksblatt-Artikel liegt nicht vor, doch scheint er die neue Exklusivit\u00e4t der Bekanntmachungen nicht grunds\u00e4tzlich in Abrede gestellt zu haben: die w\u00f6chentlichen Inserate der Bekanntmachungen der Versorgungsstelle IX \u00fcber die Lebensmittelrationen f\u00fcr Sande erschienen bis zum 29. Oktober in der BZ, danach nicht mehr \u2013 weil diese f\u00fcr ihre Leserinnen und Leser aber besonders wichtig waren, brachte die BZ sie jetzt kurz im redaktionellen Teil. Andere Bekanntmachungen der Gemeinde Sande erschienen auch weiterhin in der BZ, so der Hinweis auf den Termin der Steuerzahlung (BZ vom 10. November), auf die \u201ePersonenstandsaufnahme\u201c (BZ vom 18. November) oder eine Jagdversteigerung (BZ vom 16. Dezember) \u2013 wenn\u2019s um Geld ging, standen Bedenken gegen\u00fcber der BZ offenbar zur\u00fcck.<\/p>\n<div id=\"attachment_7483\" style=\"width: 275px\" class=\"wp-caption alignright\"><a href=\"https:\/\/blogs.sub.uni-hamburg.de\/bergedorf\/wp-content\/uploads\/2019\/11\/BZ198-0112-Es-gen\u00fcgt.jpg\"><img loading=\"lazy\" decoding=\"async\" aria-describedby=\"caption-attachment-7483\" class=\"wp-image-7483\" src=\"https:\/\/blogs.sub.uni-hamburg.de\/bergedorf\/wp-content\/uploads\/2019\/11\/BZ198-0112-Es-gen\u00fcgt-300x209.jpg\" alt=\"\" width=\"265\" height=\"185\" srcset=\"https:\/\/blogs.sub.uni-hamburg.de\/bergedorf\/wp-content\/uploads\/2019\/11\/BZ198-0112-Es-gen\u00fcgt-300x209.jpg 300w, https:\/\/blogs.sub.uni-hamburg.de\/bergedorf\/wp-content\/uploads\/2019\/11\/BZ198-0112-Es-gen\u00fcgt.jpg 662w\" sizes=\"auto, (max-width: 265px) 100vw, 265px\" \/><\/a><p id=\"caption-attachment-7483\" class=\"wp-caption-text\">Bergedorfer Zeitung, 21. November 1919<\/p><\/div>\n<p>Der oben wiedergegebene Artikel f\u00fchrte offenbar zu einer \u201espaltenlangen\u201c Entgegnung im Bergedorf-Sander Volksblatt, worauf wiederum die BZ eher s\u00fcffisant reagierte.<\/p>\n<p>Die Finanzierung des Volksblatts erfolgte \u00fcber den genannten Verein der Anteilinhaber. Er wurde zwar erst am 19. Oktober 1919 gegr\u00fcndet, aber vermutlich hatten die Zeichner der Anteile das Geld schon vorher zur Verf\u00fcgung gestellt \u2013 es sei denn, dass die SPD-Parteikassen es vorgeschossen hatten. Der Verein hatte jedenfalls gen\u00fcgend Mittel, noch 1919 das Grundst\u00fcck der Brauerei Peters (Am hohen Stege, heute Vierlandenstra\u00dfe 27) zu erwerben, um dort im folgenden Jahr eine eigene Druckerei f\u00fcr die Zeitung einzurichten; Geb\u00e4ude und Einrichtungen wurden dann an die Gesellschaft Bergedorf-Sander Volksblatt GmbH vermietet, die zur H\u00e4lfte dem Verein geh\u00f6rte und zu je einem Viertel der Firma Auer &amp; Co. und der SPD Landesorganisation Hamburg (Festschrift, S. 5-6). Die erste Anschrift der Zeitung war nach den Hamburger Adressb\u00fcchern f\u00fcr 1920 bis 1925 in der Gro\u00dfen Stra\u00dfe 4, einer der Stadt Bergedorf geh\u00f6renden Immobilie, womit wir wieder bei dem Thema <a href=\"https:\/\/blogs.sub.uni-hamburg.de\/bergedorf\/?p=7106\">(K)eine Filzgeschichte um \u201eStadt L\u00fcbeck\u201c<\/a> w\u00e4ren.<\/p>\n<p>&nbsp;<\/p>\n<p>&nbsp;<\/p>\n<p>&nbsp;<\/p>\n","protected":false},"excerpt":{"rendered":"<p>Da hatte die Bergedorfer Zeitung auf einmal einen Wettbewerber auf dem lokalen Zeitungsmarkt: \u201eein k\u00fcrzlich ins Leben gerufenes neues Parteiblatt\u201c der SPD Bergedorf und Sande, vollst\u00e4ndige Bezeichnung laut ZDB-Katalog\u00a0 \u201eBergedorf-Sander Volksblatt: amtliches Organ; sozialdemokratische Zeitung f\u00fcr das hamburgische Landgebiet und &hellip; <a href=\"https:\/\/blogs.sub.uni-hamburg.de\/bergedorf\/?p=7479\">Weiterlesen <span class=\"meta-nav\">&rarr;<\/span><\/a><\/p>\n","protected":false},"author":4,"featured_media":0,"comment_status":"open","ping_status":"open","sticky":false,"template":"","format":"standard","meta":{"_jetpack_memberships_contains_paid_content":false,"footnotes":"","jetpack_publicize_message":"","jetpack_publicize_feature_enabled":true,"jetpack_social_post_already_shared":false,"jetpack_social_options":{"image_generator_settings":{"template":"highway","default_image_id":0,"font":"","enabled":false},"version":2}},"categories":[10],"tags":[],"class_list":["post-7479","post","type-post","status-publish","format-standard","hentry","category-bergedorf1919"],"jetpack_publicize_connections":[],"jetpack_featured_media_url":"","jetpack_sharing_enabled":true,"_links":{"self":[{"href":"https:\/\/blogs.sub.uni-hamburg.de\/bergedorf\/index.php?rest_route=\/wp\/v2\/posts\/7479","targetHints":{"allow":["GET"]}}],"collection":[{"href":"https:\/\/blogs.sub.uni-hamburg.de\/bergedorf\/index.php?rest_route=\/wp\/v2\/posts"}],"about":[{"href":"https:\/\/blogs.sub.uni-hamburg.de\/bergedorf\/index.php?rest_route=\/wp\/v2\/types\/post"}],"author":[{"embeddable":true,"href":"https:\/\/blogs.sub.uni-hamburg.de\/bergedorf\/index.php?rest_route=\/wp\/v2\/users\/4"}],"replies":[{"embeddable":true,"href":"https:\/\/blogs.sub.uni-hamburg.de\/bergedorf\/index.php?rest_route=%2Fwp%2Fv2%2Fcomments&post=7479"}],"version-history":[{"count":14,"href":"https:\/\/blogs.sub.uni-hamburg.de\/bergedorf\/index.php?rest_route=\/wp\/v2\/posts\/7479\/revisions"}],"predecessor-version":[{"id":7504,"href":"https:\/\/blogs.sub.uni-hamburg.de\/bergedorf\/index.php?rest_route=\/wp\/v2\/posts\/7479\/revisions\/7504"}],"wp:attachment":[{"href":"https:\/\/blogs.sub.uni-hamburg.de\/bergedorf\/index.php?rest_route=%2Fwp%2Fv2%2Fmedia&parent=7479"}],"wp:term":[{"taxonomy":"category","embeddable":true,"href":"https:\/\/blogs.sub.uni-hamburg.de\/bergedorf\/index.php?rest_route=%2Fwp%2Fv2%2Fcategories&post=7479"},{"taxonomy":"post_tag","embeddable":true,"href":"https:\/\/blogs.sub.uni-hamburg.de\/bergedorf\/index.php?rest_route=%2Fwp%2Fv2%2Ftags&post=7479"}],"curies":[{"name":"wp","href":"https:\/\/api.w.org\/{rel}","templated":true}]}}