{"id":7423,"date":"2019-12-09T07:00:17","date_gmt":"2019-12-09T06:00:17","guid":{"rendered":"http:\/\/blogs.sub.uni-hamburg.de\/bergedorf\/?p=7423"},"modified":"2019-12-08T12:34:03","modified_gmt":"2019-12-08T11:34:03","slug":"nr-49a-19-autogas-als-allzweck-brennstoff","status":"publish","type":"post","link":"https:\/\/blogs.sub.uni-hamburg.de\/bergedorf\/?p=7423","title":{"rendered":"Autogas als Allzweck-Brennstoff"},"content":{"rendered":"<div id=\"attachment_7426\" style=\"width: 310px\" class=\"wp-caption alignright\"><a href=\"https:\/\/blogs.sub.uni-hamburg.de\/bergedorf\/wp-content\/uploads\/2019\/12\/BZ1990036-Anz-Autogas.jpg\"><img loading=\"lazy\" decoding=\"async\" aria-describedby=\"caption-attachment-7426\" class=\"size-medium wp-image-7426\" src=\"https:\/\/blogs.sub.uni-hamburg.de\/bergedorf\/wp-content\/uploads\/2019\/12\/BZ1990036-Anz-Autogas-300x235.jpg\" alt=\"\" width=\"300\" height=\"235\" srcset=\"https:\/\/blogs.sub.uni-hamburg.de\/bergedorf\/wp-content\/uploads\/2019\/12\/BZ1990036-Anz-Autogas-300x235.jpg 300w, https:\/\/blogs.sub.uni-hamburg.de\/bergedorf\/wp-content\/uploads\/2019\/12\/BZ1990036-Anz-Autogas-768x601.jpg 768w, https:\/\/blogs.sub.uni-hamburg.de\/bergedorf\/wp-content\/uploads\/2019\/12\/BZ1990036-Anz-Autogas-1024x801.jpg 1024w, https:\/\/blogs.sub.uni-hamburg.de\/bergedorf\/wp-content\/uploads\/2019\/12\/BZ1990036-Anz-Autogas.jpg 1990w\" sizes=\"auto, (max-width: 300px) 100vw, 300px\" \/><\/a><p id=\"caption-attachment-7426\" class=\"wp-caption-text\">Bergedorfer Zeitung, 8. Dezember 1919 (verkleinerte Wiedergabe)<\/p><\/div>\n<p>Einen neuen Brennstoff mit vielen Verwendungsm\u00f6glichkeiten bot Carl Harden hier an \u2013 angesichts der Rationierung von Petroleum und der ausgedehnten \u201eSperrstunden\u201c, in denen weder Gas noch Strom ins Haus geliefert wurde, kann man davon ausgehen, dass die im Original halbseitige Anzeige aufmerksam gelesen wurde. Zus\u00e4tzlich pries die BZ, die sich bestimmt \u00fcber das gro\u00dfe Inserat freute, das neue Produkt im redaktionellen Teil an (BZ vom 8. Dezember).<\/p>\n<p>Autogas war 1919 \u00fcbrigens etwas anderes als heute: Nach <a href=\"https:\/\/kataloge.uni-hamburg.de\/DB=1\/XMLPRS=N\/PPN?PPN=032340176\">Meyers Lexikon, 7. Auflage (1924)<\/a> war es mit Azetylen ges\u00e4ttigtes Azeton. Aktuell definiert <a href=\"https:\/\/de.wikipedia.org\/wiki\/Autogas\">Wikipedia Autogas<\/a> als LPG, d.h. Liquefied Petroleum Gas, bestehend haupts\u00e4chlich aus Butan und Propan, f\u00fcr den Einsatz in Fahrzeug-Verbrennungsmotoren \u2013 Auto-Gas eben.<\/p>\n<div id=\"attachment_7429\" style=\"width: 280px\" class=\"wp-caption alignright\"><a href=\"https:\/\/blogs.sub.uni-hamburg.de\/bergedorf\/wp-content\/uploads\/2019\/12\/BZ1990048-Vorf\u00fchrg.jpg\"><img loading=\"lazy\" decoding=\"async\" aria-describedby=\"caption-attachment-7429\" class=\"wp-image-7429\" src=\"https:\/\/blogs.sub.uni-hamburg.de\/bergedorf\/wp-content\/uploads\/2019\/12\/BZ1990048-Vorf\u00fchrg-281x300.jpg\" alt=\"\" width=\"270\" height=\"289\" srcset=\"https:\/\/blogs.sub.uni-hamburg.de\/bergedorf\/wp-content\/uploads\/2019\/12\/BZ1990048-Vorf\u00fchrg-281x300.jpg 281w, https:\/\/blogs.sub.uni-hamburg.de\/bergedorf\/wp-content\/uploads\/2019\/12\/BZ1990048-Vorf\u00fchrg.jpg 670w\" sizes=\"auto, (max-width: 270px) 100vw, 270px\" \/><\/a><p id=\"caption-attachment-7429\" class=\"wp-caption-text\">Bergedorfer Zeitung, 10. Dezember 1919<\/p><\/div>\n<p>\u201eDie Anschaffung der Autogaskocher, -Lampen, -L\u00f6tkolben, sowie die Anlagen ganzer Schaufenster- und Ladenbeleuchtungen, ebenso Koch- und Heizanlagen d\u00fcrften sich f\u00fcr manchen Haushalt, Ladenbesitzer, Wirt, Mechaniker, Zahnarzt usw. sehr empfehlen\u201c, schrieb die BZ in ihrem Begleittext zur Anzeige (BZ vom 8. Dezember). Sie machte damit indirekt auf einen Nachteil aufmerksam, denn die Unabh\u00e4ngigkeit vom Gas- und Stromnetz konnte man nur durch erhebliche Investitionen erreichen: man ben\u00f6tigte spezielle Lampen, Brenner und dergleichen, die Harden in Bergedorf und drumherum vorf\u00fchrte (und vermutlich auch verkaufte).<\/p>\n<div id=\"attachment_7430\" style=\"width: 140px\" class=\"wp-caption alignright\"><a href=\"https:\/\/blogs.sub.uni-hamburg.de\/bergedorf\/wp-content\/uploads\/2019\/12\/BZ1990098-Kino.jpg\"><img loading=\"lazy\" decoding=\"async\" aria-describedby=\"caption-attachment-7430\" class=\"wp-image-7430\" src=\"https:\/\/blogs.sub.uni-hamburg.de\/bergedorf\/wp-content\/uploads\/2019\/12\/BZ1990098-Kino-289x300.jpg\" alt=\"\" width=\"130\" height=\"135\" srcset=\"https:\/\/blogs.sub.uni-hamburg.de\/bergedorf\/wp-content\/uploads\/2019\/12\/BZ1990098-Kino-289x300.jpg 289w, https:\/\/blogs.sub.uni-hamburg.de\/bergedorf\/wp-content\/uploads\/2019\/12\/BZ1990098-Kino.jpg 328w\" sizes=\"auto, (max-width: 130px) 100vw, 130px\" \/><\/a><p id=\"caption-attachment-7430\" class=\"wp-caption-text\">BZ, 20. Dezember 1919<\/p><\/div>\n<p>Harden fand auf jeden Fall gewerbliche Abnehmer \u2013 vielleicht Ladeninhaber, denen schon seit Wochen die elektrische Schaufensterbeleuchtung und jede Au\u00dfenbeleuchtung verboten worden war (BZ vom 3. November), bestimmt Wilhelm Kuntz, den Betreiber des Hansa-Kinos, der sich damit von der Stromsperre ab Mitte des Monats (f\u00fcr Kinos, Theater etc.: 21 Uhr, BZ vom 16. Dezember) unabh\u00e4ngig machte und sogar Sp\u00e4tvorstellungen ab 21:30 Uhr anbot; ein anderer war Otto Hitscher (Baumanns Gesellschaftshaus), der damit f\u00fcr Licht in seiner Gaststube sorgte.<\/p>\n<div id=\"attachment_7431\" style=\"width: 282px\" class=\"wp-caption alignright\"><a href=\"https:\/\/blogs.sub.uni-hamburg.de\/bergedorf\/wp-content\/uploads\/2019\/12\/BZ1990111-Aufkl\u00e4rung.jpg\"><img loading=\"lazy\" decoding=\"async\" aria-describedby=\"caption-attachment-7431\" class=\"size-medium wp-image-7431\" src=\"https:\/\/blogs.sub.uni-hamburg.de\/bergedorf\/wp-content\/uploads\/2019\/12\/BZ1990111-Aufkl\u00e4rung-272x300.jpg\" alt=\"\" width=\"272\" height=\"300\" srcset=\"https:\/\/blogs.sub.uni-hamburg.de\/bergedorf\/wp-content\/uploads\/2019\/12\/BZ1990111-Aufkl\u00e4rung-272x300.jpg 272w, https:\/\/blogs.sub.uni-hamburg.de\/bergedorf\/wp-content\/uploads\/2019\/12\/BZ1990111-Aufkl\u00e4rung.jpg 664w\" sizes=\"auto, (max-width: 272px) 100vw, 272px\" \/><\/a><p id=\"caption-attachment-7431\" class=\"wp-caption-text\">Bergedorfer Zeitung, 23. Dezember 1919<\/p><\/div>\n<p>\u00dcber die nebenstehende Aufkl\u00e4rungs-Anzeige Hardens wird Hitscher aber nicht sehr erfreut gewesen sein, weil sie seine Saalbeleuchtung als ru\u00dfend bezeichnete, was ja eher abschreckend auf potentielle G\u00e4ste gewirkt haben muss. Es spricht einiges daf\u00fcr, dass die Saalbeleuchtung mittels <a href=\"https:\/\/de.wikipedia.org\/wiki\/Karbidlampe\">Karbidlampen<\/a> erfolgte, die ru\u00dfend und au\u00dferdem nicht geruchsfrei brannten. Aber Karbid unterlag eben keinen Sperrstunden und Rationierungen.<\/p>\n<p>&nbsp;<\/p>\n","protected":false},"excerpt":{"rendered":"<p>Einen neuen Brennstoff mit vielen Verwendungsm\u00f6glichkeiten bot Carl Harden hier an \u2013 angesichts der Rationierung von Petroleum und der ausgedehnten \u201eSperrstunden\u201c, in denen weder Gas noch Strom ins Haus geliefert wurde, kann man davon ausgehen, dass die im Original halbseitige &hellip; <a href=\"https:\/\/blogs.sub.uni-hamburg.de\/bergedorf\/?p=7423\">Weiterlesen <span class=\"meta-nav\">&rarr;<\/span><\/a><\/p>\n","protected":false},"author":4,"featured_media":0,"comment_status":"open","ping_status":"open","sticky":false,"template":"","format":"standard","meta":{"_jetpack_memberships_contains_paid_content":false,"footnotes":"","jetpack_publicize_message":"","jetpack_publicize_feature_enabled":true,"jetpack_social_post_already_shared":false,"jetpack_social_options":{"image_generator_settings":{"template":"highway","default_image_id":0,"font":"","enabled":false},"version":2}},"categories":[10],"tags":[],"class_list":["post-7423","post","type-post","status-publish","format-standard","hentry","category-bergedorf1919"],"jetpack_publicize_connections":[],"jetpack_featured_media_url":"","jetpack_sharing_enabled":true,"_links":{"self":[{"href":"https:\/\/blogs.sub.uni-hamburg.de\/bergedorf\/index.php?rest_route=\/wp\/v2\/posts\/7423","targetHints":{"allow":["GET"]}}],"collection":[{"href":"https:\/\/blogs.sub.uni-hamburg.de\/bergedorf\/index.php?rest_route=\/wp\/v2\/posts"}],"about":[{"href":"https:\/\/blogs.sub.uni-hamburg.de\/bergedorf\/index.php?rest_route=\/wp\/v2\/types\/post"}],"author":[{"embeddable":true,"href":"https:\/\/blogs.sub.uni-hamburg.de\/bergedorf\/index.php?rest_route=\/wp\/v2\/users\/4"}],"replies":[{"embeddable":true,"href":"https:\/\/blogs.sub.uni-hamburg.de\/bergedorf\/index.php?rest_route=%2Fwp%2Fv2%2Fcomments&post=7423"}],"version-history":[{"count":22,"href":"https:\/\/blogs.sub.uni-hamburg.de\/bergedorf\/index.php?rest_route=\/wp\/v2\/posts\/7423\/revisions"}],"predecessor-version":[{"id":7527,"href":"https:\/\/blogs.sub.uni-hamburg.de\/bergedorf\/index.php?rest_route=\/wp\/v2\/posts\/7423\/revisions\/7527"}],"wp:attachment":[{"href":"https:\/\/blogs.sub.uni-hamburg.de\/bergedorf\/index.php?rest_route=%2Fwp%2Fv2%2Fmedia&parent=7423"}],"wp:term":[{"taxonomy":"category","embeddable":true,"href":"https:\/\/blogs.sub.uni-hamburg.de\/bergedorf\/index.php?rest_route=%2Fwp%2Fv2%2Fcategories&post=7423"},{"taxonomy":"post_tag","embeddable":true,"href":"https:\/\/blogs.sub.uni-hamburg.de\/bergedorf\/index.php?rest_route=%2Fwp%2Fv2%2Ftags&post=7423"}],"curies":[{"name":"wp","href":"https:\/\/api.w.org\/{rel}","templated":true}]}}