{"id":7132,"date":"2019-10-07T07:00:18","date_gmt":"2019-10-07T05:00:18","guid":{"rendered":"http:\/\/blogs.sub.uni-hamburg.de\/bergedorf\/?p=7132"},"modified":"2019-10-05T13:07:17","modified_gmt":"2019-10-05T11:07:17","slug":"nr-40a-19-bergedorfs-einwohnerwehr-erst-auf-die-lange-bank-dann-in-die-ablage","status":"publish","type":"post","link":"https:\/\/blogs.sub.uni-hamburg.de\/bergedorf\/?p=7132","title":{"rendered":"Bergedorfs Einwohnerwehr: erst auf die lange Bank, dann in die Ablage"},"content":{"rendered":"<div id=\"attachment_7135\" style=\"width: 310px\" class=\"wp-caption alignright\"><a href=\"https:\/\/blogs.sub.uni-hamburg.de\/bergedorf\/wp-content\/uploads\/2019\/10\/BZ197-0114-AN-Kell-1.jpg\"><img loading=\"lazy\" decoding=\"async\" aria-describedby=\"caption-attachment-7135\" class=\"size-medium wp-image-7135\" src=\"https:\/\/blogs.sub.uni-hamburg.de\/bergedorf\/wp-content\/uploads\/2019\/10\/BZ197-0114-AN-Kell-1-300x228.jpg\" alt=\"\" width=\"300\" height=\"228\" srcset=\"https:\/\/blogs.sub.uni-hamburg.de\/bergedorf\/wp-content\/uploads\/2019\/10\/BZ197-0114-AN-Kell-1-300x228.jpg 300w, https:\/\/blogs.sub.uni-hamburg.de\/bergedorf\/wp-content\/uploads\/2019\/10\/BZ197-0114-AN-Kell-1.jpg 662w\" sizes=\"auto, (max-width: 300px) 100vw, 300px\" \/><\/a><p id=\"caption-attachment-7135\" class=\"wp-caption-text\">Bergedorfer Zeitung, 6. Oktober 1919<\/p><\/div>\n<p>Der Vorsitzende des Stadtparlaments, Wilhelm Wiesner, handelte schnell und entschlossen: der zu einem Antrag angemeldete Redner (Kellinghusen) war nicht im Raum &#8211; da stellte Wiesner dessen Fehlen fest und schritt in der Tagesordnung voran. Das regte den BZ-Berichterstatter auf: \u201eSo fix mit einem Vers\u00e4umnisurteil ist wohl selbst der paragraphenpeinlichste Richter nie bei der Hand gewesen.\u201c<\/p>\n<p>Wiesner erreichte durch seine Sitzungsleitung, dass der Antrag Kellinghusens auf Schaffung einer Einwohnerwehr vom 25. Juli nicht beraten wurde, was ihm wohl durchaus recht war, denn die hiesige SPD lehnte diese Wehr ab (siehe den Beitrag <a href=\"https:\/\/blogs.sub.uni-hamburg.de\/bergedorf\/?p=6881\">Einwohnerwehr f\u00fcr Bergedorf?<\/a>). Kellinghusen dagegen war offenbar vom Pech verfolgt: im August hatte es keine Sitzung gegeben, an der September-Sitzung hatte er nicht teilgenommen, weshalb sein Antrag vertagt worden war \u2013 nun also die n\u00e4chste Verschiebung.<\/p>\n<div id=\"attachment_7138\" style=\"width: 274px\" class=\"wp-caption alignright\"><a href=\"https:\/\/blogs.sub.uni-hamburg.de\/bergedorf\/wp-content\/uploads\/2019\/10\/BZ197-0136-AN-Kell-2.jpg\"><img loading=\"lazy\" decoding=\"async\" aria-describedby=\"caption-attachment-7138\" class=\"size-medium wp-image-7138\" src=\"https:\/\/blogs.sub.uni-hamburg.de\/bergedorf\/wp-content\/uploads\/2019\/10\/BZ197-0136-AN-Kell-2-264x300.jpg\" alt=\"\" width=\"264\" height=\"300\" srcset=\"https:\/\/blogs.sub.uni-hamburg.de\/bergedorf\/wp-content\/uploads\/2019\/10\/BZ197-0136-AN-Kell-2-264x300.jpg 264w, https:\/\/blogs.sub.uni-hamburg.de\/bergedorf\/wp-content\/uploads\/2019\/10\/BZ197-0136-AN-Kell-2.jpg 670w\" sizes=\"auto, (max-width: 264px) 100vw, 264px\" \/><\/a><p id=\"caption-attachment-7138\" class=\"wp-caption-text\">Bergedorfer Zeitung, 11. Oktober 1919<\/p><\/div>\n<p>Erfreulicherweise f\u00fcr Kellinghusen gab es im Oktober eine weitere Sitzung, in der sein Antrag endlich debattiert und schlie\u00dflich an eine eigens eingesetzte Kommission zur weiteren Beratung verwiesen wurde. Die in der Debatte ge\u00e4u\u00dferte Absicht des USP-Vertreters Hauschild, der nach der <a href=\"https:\/\/blogs.sub.uni-hamburg.de\/bergedorf\/?p=6802\">Mandatsniederlegung von Carl Se\u00df<\/a> diesen ersetzte, sie zu einer \u201eBeerdigungskommission\u201c zu machen, ging Ende November in Erf\u00fcllung: die Kommission empfahl mehrheitlich die Ablehnung des Antrags, und das Plenum folgte dem Votum des Ausschusses (BZ vom 29. November).<\/p>\n<p>Die Ablehnung der Pl\u00e4ne durch die Bergedorfer SPD \u00fcberrascht durchaus, denn rund um Bergedorf sah man die Sache anders: f\u00fcr die Hamburger Einwohnerwehr mit 30.000 Mann bewilligte die B\u00fcrgerschaft mehrfach sechsstellige Betr\u00e4ge (BZ vom 28. August, 12. September und 13. November). Auch die Nachbargemeinde Sande sprach sich nach langen Beratungen mit SPD-Mehrheit daf\u00fcr aus \u2013 die USP war aus \u201eprogrammatischen Gr\u00fcnden\u201c dagegen, w\u00e4hrend b\u00fcrgerliche Vertreter bef\u00fcrchteten, dass die Truppe \u201ehaupts\u00e4chlich aus Mehrheitssozialisten unter Ausschaltung des B\u00fcrgertums\u201c bestehen w\u00fcrde (BZ vom 3. Dezember). In Bergedorf liefen die argumentativen Linien wohl andersherum.<\/p>\n<p>&nbsp;<\/p>\n","protected":false},"excerpt":{"rendered":"<p>Der Vorsitzende des Stadtparlaments, Wilhelm Wiesner, handelte schnell und entschlossen: der zu einem Antrag angemeldete Redner (Kellinghusen) war nicht im Raum &#8211; da stellte Wiesner dessen Fehlen fest und schritt in der Tagesordnung voran. Das regte den BZ-Berichterstatter auf: \u201eSo &hellip; <a href=\"https:\/\/blogs.sub.uni-hamburg.de\/bergedorf\/?p=7132\">Weiterlesen <span class=\"meta-nav\">&rarr;<\/span><\/a><\/p>\n","protected":false},"author":4,"featured_media":0,"comment_status":"open","ping_status":"open","sticky":false,"template":"","format":"standard","meta":{"_jetpack_memberships_contains_paid_content":false,"footnotes":"","jetpack_publicize_message":"","jetpack_publicize_feature_enabled":true,"jetpack_social_post_already_shared":false,"jetpack_social_options":{"image_generator_settings":{"template":"highway","default_image_id":0,"font":"","enabled":false},"version":2}},"categories":[10],"tags":[],"class_list":["post-7132","post","type-post","status-publish","format-standard","hentry","category-bergedorf1919"],"jetpack_publicize_connections":[],"jetpack_featured_media_url":"","jetpack_sharing_enabled":true,"_links":{"self":[{"href":"https:\/\/blogs.sub.uni-hamburg.de\/bergedorf\/index.php?rest_route=\/wp\/v2\/posts\/7132","targetHints":{"allow":["GET"]}}],"collection":[{"href":"https:\/\/blogs.sub.uni-hamburg.de\/bergedorf\/index.php?rest_route=\/wp\/v2\/posts"}],"about":[{"href":"https:\/\/blogs.sub.uni-hamburg.de\/bergedorf\/index.php?rest_route=\/wp\/v2\/types\/post"}],"author":[{"embeddable":true,"href":"https:\/\/blogs.sub.uni-hamburg.de\/bergedorf\/index.php?rest_route=\/wp\/v2\/users\/4"}],"replies":[{"embeddable":true,"href":"https:\/\/blogs.sub.uni-hamburg.de\/bergedorf\/index.php?rest_route=%2Fwp%2Fv2%2Fcomments&post=7132"}],"version-history":[{"count":12,"href":"https:\/\/blogs.sub.uni-hamburg.de\/bergedorf\/index.php?rest_route=\/wp\/v2\/posts\/7132\/revisions"}],"predecessor-version":[{"id":7217,"href":"https:\/\/blogs.sub.uni-hamburg.de\/bergedorf\/index.php?rest_route=\/wp\/v2\/posts\/7132\/revisions\/7217"}],"wp:attachment":[{"href":"https:\/\/blogs.sub.uni-hamburg.de\/bergedorf\/index.php?rest_route=%2Fwp%2Fv2%2Fmedia&parent=7132"}],"wp:term":[{"taxonomy":"category","embeddable":true,"href":"https:\/\/blogs.sub.uni-hamburg.de\/bergedorf\/index.php?rest_route=%2Fwp%2Fv2%2Fcategories&post=7132"},{"taxonomy":"post_tag","embeddable":true,"href":"https:\/\/blogs.sub.uni-hamburg.de\/bergedorf\/index.php?rest_route=%2Fwp%2Fv2%2Ftags&post=7132"}],"curies":[{"name":"wp","href":"https:\/\/api.w.org\/{rel}","templated":true}]}}