{"id":6725,"date":"2019-07-01T07:00:05","date_gmt":"2019-07-01T05:00:05","guid":{"rendered":"http:\/\/blogs.sub.uni-hamburg.de\/bergedorf\/?p=6725"},"modified":"2019-06-30T09:13:41","modified_gmt":"2019-06-30T07:13:41","slug":"nr-26a-19-es-wurde-geholtzt","status":"publish","type":"post","link":"https:\/\/blogs.sub.uni-hamburg.de\/bergedorf\/?p=6725","title":{"rendered":"Es wurde gehol(t)zt"},"content":{"rendered":"<div id=\"attachment_6728\" style=\"width: 275px\" class=\"wp-caption alignright\"><a href=\"https:\/\/blogs.sub.uni-hamburg.de\/bergedorf\/wp-content\/uploads\/2019\/07\/BZ1950074-Holtz.jpg\"><img loading=\"lazy\" decoding=\"async\" aria-describedby=\"caption-attachment-6728\" class=\"wp-image-6728 size-medium\" src=\"https:\/\/blogs.sub.uni-hamburg.de\/bergedorf\/wp-content\/uploads\/2019\/07\/BZ1950074-Holtz-265x300.jpg\" alt=\"\" width=\"265\" height=\"300\" srcset=\"https:\/\/blogs.sub.uni-hamburg.de\/bergedorf\/wp-content\/uploads\/2019\/07\/BZ1950074-Holtz-265x300.jpg 265w, https:\/\/blogs.sub.uni-hamburg.de\/bergedorf\/wp-content\/uploads\/2019\/07\/BZ1950074-Holtz.jpg 628w\" sizes=\"auto, (max-width: 265px) 100vw, 265px\" \/><\/a><p id=\"caption-attachment-6728\" class=\"wp-caption-text\">Bergedorfer Zeitung, 1. Juli 1919<\/p><\/div>\n<p>Es war 1919 nicht der einzige Auftritt des Friedrich Carl Holtz in Bergedorf, der dort im rechten Spektrum offenbar besondere Sympathien genoss: nach dem hier wiedergegebenen Vortrag beim Deutschnationalen Jugendbund wurde der Antisemit und Antidemokrat wiederholt in die Stadt eingeladen: am 23. Juli sprach er vor den Mitgliedern des Kampfgenossen- und Milit\u00e4rvereins \u201eGermania\u201c erneut \u00fcber \u201eDie Sch\u00e4den der November-Revolution\u201c (Anzeige in der BZ vom 19. Juli), am 27. November zog er in einer \u00f6ffentlichen Versammlung der DNVP seine \u201eRevolutionsbilanz\u201c (Anzeige in der BZ vom 25. November).<\/p>\n<p>Geht man nach der Berichterstattung, nahmen seine Reden in Bergedorf von Mal zu Mal an Sch\u00e4rfe zu: die Jugendlichen sollte \u201etapfere Bekenner deutschen Wesens und wahre Verfechter des nationalen Gedankens\u201c werden, hie\u00df es im Juni. Einige Wochen sp\u00e4ter gei\u00dfelte er \u201escharf das Treiben der Unabh\u00e4ngigen und Kommunisten\u201c, forderte das B\u00fcrgertum und alle anderen Volksschichten zum Zusammenschluss f\u00fcr den \u201eWiederaufbau des daniederliegenden Vaterlandes\u201c auf: sie sollten \u201egemeinsam Front machen gegen die unlauteren Elemente, die den Rest unseres staatlichen und wirtschaftlichen Lebens vollends zu zertr\u00fcmmern suchen\u201c. Das Fazit des Berichts lautete: \u201eDie Ausf\u00fchrungen fanden lebhaften Beifall.\u201c (BZ vom 24. Juli)<\/p>\n<p>Im November nahm er dann auch SPD und DDP unter Feuer: \u201eAus allem, was die Regierung tut, spricht der Ha\u00df gegen das B\u00fcrgertum\u201c, und f\u00fcr den Fall \u201eeiner zweiten Revolution von links\u201c k\u00fcndigte er an, dass dann \u201edas B\u00fcrgertum \u2026 sich seiner Haut wehren\u201c (BZ vom 28. November) werde \u2013 eine unverhohlene Drohung mit der Milit\u00e4rmacht der Freikorps.<\/p>\n<p>Die November-Veranstaltung war \u00f6ffentlich \u2013 und gro\u00dfe Teile des Publikums protestierten gegen Holtz\u2018 Thesen: \u201eRuhe trat erst wieder ein, als die Leitung erkl\u00e4rte, \u2026 als zweiten (sic!) Redner dem Mehrheitssozialisten Urban (Hamburg) das Wort zu geben.\u201c Dieser machte dann die Deutschnationalen f\u00fcr den Krieg verantwortlich und verlangte (\u00e4hnlich wie Carl Se\u00df, 1919 f\u00fcr die USPD in die Stadtvertretung gew\u00e4hlt) dass die \u201eSabotage des B\u00fcrgertums\u201c aufh\u00f6ren m\u00fcsse. Das Fazit des Berichts lautete: \u201eBei der Zusammensetzung der Versammlung durften alle Redner des Abends sich lebhaften Beifalls erfreuen.\u201c (BZ vom 28. November)<\/p>\n<p>Abschlie\u00dfend eine Klarstellung: <a href=\"https:\/\/de.wikipedia.org\/wiki\/Friedrich_Carl_Holtz\">Friedrich Carl Holtz<\/a> (1882-1939) war Herausgeber der Wochenzeitung <a href=\"https:\/\/kataloge.uni-hamburg.de\/DB=1\/XMLPRS=N\/PPN?PPN=166745782\">Hamburger Warte<\/a>, und f\u00fcr <a href=\"https:\/\/kataloge.uni-hamburg.de\/DB=1\/XMLPRS=N\/PPN?PPN=02671793X\">Alfred Dreckmann<\/a> (S. 53f.) war er auch der Gemeindepastor von Altengamme. \u2013 Das ist schlicht falsch: der Pastor hie\u00df Friedrich Heinrich August Holtz und lebte von 1870 bis 1933. Dieser engagierte sich vor allem im Verein f\u00fcr Vierl\u00e4nder Kunst und Heimatkunde (<a href=\"https:\/\/kataloge.uni-hamburg.de\/DB=1\/XMLPRS=N\/PPN?PPN=73464731X\">Neuer Schlosskalender<\/a> Folge 11 (2012), S. 31 f.) und schrieb Heimatkundliches: neben einer\u00a0 Darstellung der <a href=\"https:\/\/kataloge.uni-hamburg.de\/DB=1\/XMLPRS=N\/PPN?PPN=135688183\">Altengammer Kirche<\/a> (S. 167-193) den kurzen Aufsatz <a href=\"https:\/\/beluga.sub.uni-hamburg.de\/vufind\/Record\/770999387?rank=63\">Von Sitte und Brauch in den Vierlanden<\/a>.<\/p>\n","protected":false},"excerpt":{"rendered":"<p>Es war 1919 nicht der einzige Auftritt des Friedrich Carl Holtz in Bergedorf, der dort im rechten Spektrum offenbar besondere Sympathien genoss: nach dem hier wiedergegebenen Vortrag beim Deutschnationalen Jugendbund wurde der Antisemit und Antidemokrat wiederholt in die Stadt eingeladen: &hellip; <a href=\"https:\/\/blogs.sub.uni-hamburg.de\/bergedorf\/?p=6725\">Weiterlesen <span class=\"meta-nav\">&rarr;<\/span><\/a><\/p>\n","protected":false},"author":4,"featured_media":0,"comment_status":"open","ping_status":"open","sticky":false,"template":"","format":"standard","meta":{"_jetpack_memberships_contains_paid_content":false,"footnotes":"","jetpack_publicize_message":"","jetpack_publicize_feature_enabled":true,"jetpack_social_post_already_shared":false,"jetpack_social_options":{"image_generator_settings":{"template":"highway","default_image_id":0,"font":"","enabled":false},"version":2}},"categories":[10],"tags":[],"class_list":["post-6725","post","type-post","status-publish","format-standard","hentry","category-bergedorf1919"],"jetpack_publicize_connections":[],"jetpack_featured_media_url":"","jetpack_sharing_enabled":true,"_links":{"self":[{"href":"https:\/\/blogs.sub.uni-hamburg.de\/bergedorf\/index.php?rest_route=\/wp\/v2\/posts\/6725","targetHints":{"allow":["GET"]}}],"collection":[{"href":"https:\/\/blogs.sub.uni-hamburg.de\/bergedorf\/index.php?rest_route=\/wp\/v2\/posts"}],"about":[{"href":"https:\/\/blogs.sub.uni-hamburg.de\/bergedorf\/index.php?rest_route=\/wp\/v2\/types\/post"}],"author":[{"embeddable":true,"href":"https:\/\/blogs.sub.uni-hamburg.de\/bergedorf\/index.php?rest_route=\/wp\/v2\/users\/4"}],"replies":[{"embeddable":true,"href":"https:\/\/blogs.sub.uni-hamburg.de\/bergedorf\/index.php?rest_route=%2Fwp%2Fv2%2Fcomments&post=6725"}],"version-history":[{"count":11,"href":"https:\/\/blogs.sub.uni-hamburg.de\/bergedorf\/index.php?rest_route=\/wp\/v2\/posts\/6725\/revisions"}],"predecessor-version":[{"id":6792,"href":"https:\/\/blogs.sub.uni-hamburg.de\/bergedorf\/index.php?rest_route=\/wp\/v2\/posts\/6725\/revisions\/6792"}],"wp:attachment":[{"href":"https:\/\/blogs.sub.uni-hamburg.de\/bergedorf\/index.php?rest_route=%2Fwp%2Fv2%2Fmedia&parent=6725"}],"wp:term":[{"taxonomy":"category","embeddable":true,"href":"https:\/\/blogs.sub.uni-hamburg.de\/bergedorf\/index.php?rest_route=%2Fwp%2Fv2%2Fcategories&post=6725"},{"taxonomy":"post_tag","embeddable":true,"href":"https:\/\/blogs.sub.uni-hamburg.de\/bergedorf\/index.php?rest_route=%2Fwp%2Fv2%2Ftags&post=6725"}],"curies":[{"name":"wp","href":"https:\/\/api.w.org\/{rel}","templated":true}]}}