{"id":6683,"date":"2019-06-17T07:00:50","date_gmt":"2019-06-17T05:00:50","guid":{"rendered":"http:\/\/blogs.sub.uni-hamburg.de\/bergedorf\/?p=6683"},"modified":"2019-06-16T10:04:41","modified_gmt":"2019-06-16T08:04:41","slug":"nr-24a-19-wie-weiter-in-bergedorf-eingemeindung-oder-nicht","status":"publish","type":"post","link":"https:\/\/blogs.sub.uni-hamburg.de\/bergedorf\/?p=6683","title":{"rendered":"Wie weiter in Bergedorf: Eingemeindung oder nicht?"},"content":{"rendered":"<p>Bergedorfs Eigenst\u00e4ndigkeit im Staate Hamburg war nicht mehr haltbar \u2013 darin waren die politischen Kr\u00e4fte einig gewesen in Bergedorf, vor dem Krieg und im Krieg. Hauptgr\u00fcnde daf\u00fcr waren das Einspruchsrecht des Landherrn, der Bergedorfer Interessen den Hamburgischen unterordnete, die steuerliche Benachteiligung gegen\u00fcber den Hamburgern und die Stadtfinanzen mit betr\u00e4chtlicher Verschuldung (BZ vom 16. M\u00e4rz 1918).<\/p>\n<p>Mit der Einigkeit in dieser Frage war es nach dem Krieg vorbei, denn Bergedorfs SPD (gefolgt von der DDP) sah die Lage nun anders, was auch Magistrat und B\u00fcrgervertretung besch\u00e4ftigte:<\/p>\n<div id=\"attachment_6686\" style=\"width: 271px\" class=\"wp-caption alignleft\"><a href=\"https:\/\/blogs.sub.uni-hamburg.de\/bergedorf\/wp-content\/uploads\/2019\/06\/BZ1940129-SPD-Eingem.jpg\"><img loading=\"lazy\" decoding=\"async\" aria-describedby=\"caption-attachment-6686\" class=\"wp-image-6686\" src=\"https:\/\/blogs.sub.uni-hamburg.de\/bergedorf\/wp-content\/uploads\/2019\/06\/BZ1940129-SPD-Eingem-161x300.jpg\" alt=\"\" width=\"261\" height=\"486\" srcset=\"https:\/\/blogs.sub.uni-hamburg.de\/bergedorf\/wp-content\/uploads\/2019\/06\/BZ1940129-SPD-Eingem-161x300.jpg 161w, https:\/\/blogs.sub.uni-hamburg.de\/bergedorf\/wp-content\/uploads\/2019\/06\/BZ1940129-SPD-Eingem-550x1024.jpg 550w, https:\/\/blogs.sub.uni-hamburg.de\/bergedorf\/wp-content\/uploads\/2019\/06\/BZ1940129-SPD-Eingem.jpg 556w\" sizes=\"auto, (max-width: 261px) 100vw, 261px\" \/><\/a><p id=\"caption-attachment-6686\" class=\"wp-caption-text\">Bergedorfer Zeitung, 11. Juni 1919<\/p><\/div>\n<div id=\"attachment_6687\" style=\"width: 271px\" class=\"wp-caption alignright\"><a href=\"https:\/\/blogs.sub.uni-hamburg.de\/bergedorf\/wp-content\/uploads\/2019\/06\/BZ1950001-BV-Eingem.-lang.jpg\"><img loading=\"lazy\" decoding=\"async\" aria-describedby=\"caption-attachment-6687\" class=\"wp-image-6687\" src=\"https:\/\/blogs.sub.uni-hamburg.de\/bergedorf\/wp-content\/uploads\/2019\/06\/BZ1950001-BV-Eingem.-lang-79x300.jpg\" alt=\"\" width=\"261\" height=\"991\" srcset=\"https:\/\/blogs.sub.uni-hamburg.de\/bergedorf\/wp-content\/uploads\/2019\/06\/BZ1950001-BV-Eingem.-lang-79x300.jpg 79w, https:\/\/blogs.sub.uni-hamburg.de\/bergedorf\/wp-content\/uploads\/2019\/06\/BZ1950001-BV-Eingem.-lang-270x1024.jpg 270w, https:\/\/blogs.sub.uni-hamburg.de\/bergedorf\/wp-content\/uploads\/2019\/06\/BZ1950001-BV-Eingem.-lang.jpg 646w\" sizes=\"auto, (max-width: 261px) 100vw, 261px\" \/><\/a><p id=\"caption-attachment-6687\" class=\"wp-caption-text\">Bergedorfer Zeitung, 13. Juni 1919<\/p><\/div>\n<p>Sowohl vor den SPD-Mitgliedern als auch in der Stadtvertretung sprach sich\u00a0 Ratmann Friedrich Frank daf\u00fcr aus, die Eingemeindung noch einmal zu \u00fcberdenken: die Verh\u00e4ltnisse h\u00e4tten sich ja ge\u00e4ndert, die Rechte des Landherrn w\u00fcrden eingeschr\u00e4nkt werden, die Gro\u00df-Hamburg-Frage sei immer noch offen und \u201ef\u00fcr Bergedorf als selbst\u00e4ndiges Gemeinwesen von Bedeutung\u201c.<\/p>\n<p>Die Mitgliederversammlung der SPD stimmte dem zu und forderte eine \u201eeinmalige gr\u00f6\u00dfere finanzielle Beihilfe Hamburgs, um die Selbstverwaltung aufrechterhalten zu k\u00f6nnen\u201c, was ein d\u00fcsteres Bild auf Bergedorfs Finanzen wirft.<\/p>\n<p>Von Interesse ist hierbei auch das SPD-Votum f\u00fcr eine \u201ebaldm\u00f6glichste\u201c B\u00fcrgermeisterwahl, was doch \u00fcberrascht: ein eingemeindetes Bergedorf h\u00e4tte weder B\u00fcrgermeister noch Magistrat und B\u00fcrgervertretung gehabt. So muss die \u201eOffenhaltung\u201c der Eingemeindungsfrage als vorgeschoben interpretiert werden, denn es macht ja keinen Sinn, einen B\u00fcrgermeister nur f\u00fcr einige Wochen oder Monate zu w\u00e4hlen: nach dem Ausscheiden von B\u00fcrgermeister Walli (siehe den Beitrag <a href=\"https:\/\/blogs.sub.uni-hamburg.de\/bergedorf\/?p=6540\">Walli macht Karriere<\/a>) sah die SPD nun die Chance, das Amt mit dem sozialdemokratischen Ratmann Wiesner zu besetzen, und diese Chance wollte man sich nicht entgehen lassen.<\/p>\n<p>Die Sitzung der Stadtoberen verlief erst harmonisch: die zur\u00fcckgetretenen Ratm\u00e4nner Bauer (B\u00fcrgerliche), Cohn (DDP) und die Sozialdemokraten Frank, Otto und Storbeck wurden einstimmig wiedergew\u00e4hlt &#8211; doch dann wurde es kontrovers: der USPD-Vertreter Se\u00df vermutete \u201epers\u00f6nliche Interessenpolitik\u201c hinter dem Sinneswandel der SPD, Kellinghusen als Vertreter der B\u00fcrgerlichen warnte gerade angesichts der in seinen Augen zerr\u00fctteten Finanzen vor einer \u00c4nderung der 1918 beschlossenen Position, \u201enachdem man bis jetzt f\u00f6rmlich nach der Eingemeindung geschrien habe.\u201c<\/p>\n<p>In der Sache wurde an diesem Abend nicht entschieden, aber einm\u00fctig \u201ezur weiteren Bearbeitung der Angelegenheit ein Ausschu\u00df \u2026 eingesetzt\u201c.<\/p>\n<p>Fortsetzung folgt.<\/p>\n","protected":false},"excerpt":{"rendered":"<p>Bergedorfs Eigenst\u00e4ndigkeit im Staate Hamburg war nicht mehr haltbar \u2013 darin waren die politischen Kr\u00e4fte einig gewesen in Bergedorf, vor dem Krieg und im Krieg. Hauptgr\u00fcnde daf\u00fcr waren das Einspruchsrecht des Landherrn, der Bergedorfer Interessen den Hamburgischen unterordnete, die steuerliche &hellip; <a href=\"https:\/\/blogs.sub.uni-hamburg.de\/bergedorf\/?p=6683\">Weiterlesen <span class=\"meta-nav\">&rarr;<\/span><\/a><\/p>\n","protected":false},"author":4,"featured_media":0,"comment_status":"open","ping_status":"open","sticky":false,"template":"","format":"standard","meta":{"_jetpack_memberships_contains_paid_content":false,"footnotes":"","jetpack_publicize_message":"","jetpack_publicize_feature_enabled":true,"jetpack_social_post_already_shared":false,"jetpack_social_options":{"image_generator_settings":{"template":"highway","default_image_id":0,"font":"","enabled":false},"version":2}},"categories":[10],"tags":[],"class_list":["post-6683","post","type-post","status-publish","format-standard","hentry","category-bergedorf1919"],"jetpack_publicize_connections":[],"jetpack_featured_media_url":"","jetpack_sharing_enabled":true,"_links":{"self":[{"href":"https:\/\/blogs.sub.uni-hamburg.de\/bergedorf\/index.php?rest_route=\/wp\/v2\/posts\/6683","targetHints":{"allow":["GET"]}}],"collection":[{"href":"https:\/\/blogs.sub.uni-hamburg.de\/bergedorf\/index.php?rest_route=\/wp\/v2\/posts"}],"about":[{"href":"https:\/\/blogs.sub.uni-hamburg.de\/bergedorf\/index.php?rest_route=\/wp\/v2\/types\/post"}],"author":[{"embeddable":true,"href":"https:\/\/blogs.sub.uni-hamburg.de\/bergedorf\/index.php?rest_route=\/wp\/v2\/users\/4"}],"replies":[{"embeddable":true,"href":"https:\/\/blogs.sub.uni-hamburg.de\/bergedorf\/index.php?rest_route=%2Fwp%2Fv2%2Fcomments&post=6683"}],"version-history":[{"count":12,"href":"https:\/\/blogs.sub.uni-hamburg.de\/bergedorf\/index.php?rest_route=\/wp\/v2\/posts\/6683\/revisions"}],"predecessor-version":[{"id":6775,"href":"https:\/\/blogs.sub.uni-hamburg.de\/bergedorf\/index.php?rest_route=\/wp\/v2\/posts\/6683\/revisions\/6775"}],"wp:attachment":[{"href":"https:\/\/blogs.sub.uni-hamburg.de\/bergedorf\/index.php?rest_route=%2Fwp%2Fv2%2Fmedia&parent=6683"}],"wp:term":[{"taxonomy":"category","embeddable":true,"href":"https:\/\/blogs.sub.uni-hamburg.de\/bergedorf\/index.php?rest_route=%2Fwp%2Fv2%2Fcategories&post=6683"},{"taxonomy":"post_tag","embeddable":true,"href":"https:\/\/blogs.sub.uni-hamburg.de\/bergedorf\/index.php?rest_route=%2Fwp%2Fv2%2Ftags&post=6683"}],"curies":[{"name":"wp","href":"https:\/\/api.w.org\/{rel}","templated":true}]}}