{"id":2034,"date":"2015-11-16T07:00:03","date_gmt":"2015-11-16T06:00:03","guid":{"rendered":"http:\/\/blogs.sub.uni-hamburg.de\/bergedorf\/?p=2034"},"modified":"2015-11-13T13:54:11","modified_gmt":"2015-11-13T12:54:11","slug":"nr-51a-15-der-krieg-wird-langweilig","status":"publish","type":"post","link":"https:\/\/blogs.sub.uni-hamburg.de\/bergedorf\/?p=2034","title":{"rendered":"Der Krieg wird langweilig"},"content":{"rendered":"<p><a href=\"https:\/\/blogs.sub.uni-hamburg.de\/bergedorf\/wp-content\/uploads\/2015\/09\/AK-Noyon-1915-Text.jpg\"><img loading=\"lazy\" decoding=\"async\" class=\"alignleft size-full wp-image-2063\" src=\"https:\/\/blogs.sub.uni-hamburg.de\/bergedorf\/wp-content\/uploads\/2015\/11\/AK-Noyon-1915-Text-kl.jpg\" alt=\"AK Noyon 1915 Text\" width=\"300\" height=\"421\" srcset=\"https:\/\/blogs.sub.uni-hamburg.de\/bergedorf\/wp-content\/uploads\/2015\/11\/AK-Noyon-1915-Text-kl.jpg 300w, https:\/\/blogs.sub.uni-hamburg.de\/bergedorf\/wp-content\/uploads\/2015\/11\/AK-Noyon-1915-Text-kl-214x300.jpg 214w\" sizes=\"auto, (max-width: 300px) 100vw, 300px\" \/><\/a> <a href=\"https:\/\/blogs.sub.uni-hamburg.de\/bergedorf\/wp-content\/uploads\/2015\/11\/AK-Noyon-1915.jpg\"><img loading=\"lazy\" decoding=\"async\" class=\"alignright size-full wp-image-2062\" src=\"https:\/\/blogs.sub.uni-hamburg.de\/bergedorf\/wp-content\/uploads\/2015\/11\/AK-Noyon-1915-kl.jpg\" alt=\"AK Noyon 1915\" width=\"280\" height=\"421\" srcset=\"https:\/\/blogs.sub.uni-hamburg.de\/bergedorf\/wp-content\/uploads\/2015\/11\/AK-Noyon-1915-kl.jpg 280w, https:\/\/blogs.sub.uni-hamburg.de\/bergedorf\/wp-content\/uploads\/2015\/11\/AK-Noyon-1915-kl-200x300.jpg 200w\" sizes=\"auto, (max-width: 280px) 100vw, 280px\" \/><\/a><\/p>\n<p>\u201eWenn nur der Krieg erst zu Ende w\u00e4re, denn es wird langweilig\u201c, schrieb Carl Garbers aus Kirchw\u00e4rder-Warwisch am 6. Oktober 1915 auf dieser Karte aus dem nordfranz\u00f6sischen Noyon. Garbers geh\u00f6rte zum 3. Bataillon des Reserve-Infanterie-Regiments 76 (siehe den rechteckigen Stempel), in dem zahlreiche Hamburger (und somit auch Bergedorfer, Vierl\u00e4nder, Marschl\u00e4nder und Geesthachter) dienten.<\/p>\n<div id=\"attachment_2050\" style=\"width: 151px\" class=\"wp-caption alignright\"><a href=\"https:\/\/blogs.sub.uni-hamburg.de\/bergedorf\/wp-content\/uploads\/2015\/11\/BZ-11.11.15-RIR-76.jpg\"><img loading=\"lazy\" decoding=\"async\" aria-describedby=\"caption-attachment-2050\" class=\"size-medium wp-image-2050\" src=\"https:\/\/blogs.sub.uni-hamburg.de\/bergedorf\/wp-content\/uploads\/2015\/11\/BZ-11.11.15-RIR-76-141x300.jpg\" alt=\"Bergedorfer Zeitung, 11. November 1915\" width=\"141\" height=\"300\" srcset=\"https:\/\/blogs.sub.uni-hamburg.de\/bergedorf\/wp-content\/uploads\/2015\/11\/BZ-11.11.15-RIR-76-141x300.jpg 141w, https:\/\/blogs.sub.uni-hamburg.de\/bergedorf\/wp-content\/uploads\/2015\/11\/BZ-11.11.15-RIR-76-483x1024.jpg 483w, https:\/\/blogs.sub.uni-hamburg.de\/bergedorf\/wp-content\/uploads\/2015\/11\/BZ-11.11.15-RIR-76.jpg 724w\" sizes=\"auto, (max-width: 141px) 100vw, 141px\" \/><\/a><p id=\"caption-attachment-2050\" class=\"wp-caption-text\">Bergedorfer Zeitung, 11. November 1915<\/p><\/div>\n<p>Warum wurde ihm langweilig? Weil er keine der im nebenstehenden Artikel genannten Gewaltm\u00e4rsche mehr zu machen hatte? Weil die verlustreichen Gefechte seines Regiments in der Gegend von Noyon vorerst beendet waren und \u201enur\u201c noch der Stellungskrieg tobte? Oder geh\u00f6rte er vielleicht gar nicht zu den Soldaten im Sch\u00fctzengraben, sondern zu einer r\u00fcckw\u00e4rtigen Versorgungsabteilung?<\/p>\n<p>Die Verluste, die die \u201e76er\u201c in der Schlacht bei Noyon erlitten hatten, waren schwer: nach Angaben von <a href=\"http:\/\/resolver.sub.uni-hamburg.de\/goobi\/PPN818344172\">Hugo Gropp<\/a>, der nach Kriegsende im Auftrag des \u201eVereins ehemal. Angeh\u00f6riger Reserve 76 e.V.\u201c seine eigenen und Kriegserinnerungen anderer 76er zusammenstellte und ver\u00f6ffentlichte, betrug die Gefechtsst\u00e4rke des Bataillons bei der Mobilmachung 3.000 Soldaten aller R\u00e4nge und Dienstgrade \u2013 am 19. September 1914 lag die Zahl bei nur noch 1.670 (S. 15, S. 39). Auch in der Folgezeit des \u201elangweiligen\u201c Stellungskriegs in der N\u00e4he Noyons tauchten immer wieder Namen von Regimentsangeh\u00f6rigen in den Verlustlisten in der Bergedorfer Zeitung auf.<\/p>\n<p>\u00dcber die Lage der franz\u00f6sischen Zivilbev\u00f6lkerung in Noyon erf\u00e4hrt man bei Gropp fast gar nichts; die Stadt wird vor allem als Durchmarschstation genannt und als \u201eO.-U.\u201c, d.h. Ortsunterkunft, was ja alles wenig bedrohlich klingt. Die Menschen in Noyon werden dies anders erlebt und empfunden haben, denn auf einer <a href=\"http:\/\/www.ville-noyon.fr\/Exposition-Noyon-dans-la-Grande.html\">Internetseite der Stadt Noyon<\/a> anl\u00e4sslich einer Ausstellung zum 100. Jahrestag des Kriegsbeginns hei\u00dft es:<\/p>\n<p>\u201eBereits am 30. August 1914 r\u00fcckten die deutschen Armeen in Noyon ein und verlie\u00dfen es erst wieder am 17. M\u00e4rz 1917. W\u00e4hrend drei\u00dfig Monaten wurde Noyon zu einem Befehls- und Einquartierungszentrum der deutschen Truppen mit ihren Hospit\u00e4lern und Milit\u00e4rmagazinen. Drei\u00dfig Monate, w\u00e4hrend derer Noyon ein Teil des deutschen Reichs geworden war, gekennzeichnet von Schreckensherrschaft, regelm\u00e4\u00dfigen Bombardierungen, t\u00e4glichen Truppendurchm\u00e4rschen, immer gr\u00f6\u00dfer werdenden Entbehrungen.\u201c (eigene \u00dcbersetzung)<br \/>\nLangweilig?<\/p>\n","protected":false},"excerpt":{"rendered":"<p>\u201eWenn nur der Krieg erst zu Ende w\u00e4re, denn es wird langweilig\u201c, schrieb Carl Garbers aus Kirchw\u00e4rder-Warwisch am 6. Oktober 1915 auf dieser Karte aus dem nordfranz\u00f6sischen Noyon. Garbers geh\u00f6rte zum 3. Bataillon des Reserve-Infanterie-Regiments 76 (siehe den rechteckigen Stempel), &hellip; <a href=\"https:\/\/blogs.sub.uni-hamburg.de\/bergedorf\/?p=2034\">Weiterlesen <span class=\"meta-nav\">&rarr;<\/span><\/a><\/p>\n","protected":false},"author":4,"featured_media":0,"comment_status":"open","ping_status":"open","sticky":false,"template":"","format":"standard","meta":{"_jetpack_memberships_contains_paid_content":false,"footnotes":"","jetpack_publicize_message":"","jetpack_publicize_feature_enabled":true,"jetpack_social_post_already_shared":false,"jetpack_social_options":{"image_generator_settings":{"template":"highway","default_image_id":0,"font":"","enabled":false},"version":2}},"categories":[6],"tags":[],"class_list":["post-2034","post","type-post","status-publish","format-standard","hentry","category-bergedorf1915"],"jetpack_publicize_connections":[],"jetpack_featured_media_url":"","jetpack_sharing_enabled":true,"_links":{"self":[{"href":"https:\/\/blogs.sub.uni-hamburg.de\/bergedorf\/index.php?rest_route=\/wp\/v2\/posts\/2034","targetHints":{"allow":["GET"]}}],"collection":[{"href":"https:\/\/blogs.sub.uni-hamburg.de\/bergedorf\/index.php?rest_route=\/wp\/v2\/posts"}],"about":[{"href":"https:\/\/blogs.sub.uni-hamburg.de\/bergedorf\/index.php?rest_route=\/wp\/v2\/types\/post"}],"author":[{"embeddable":true,"href":"https:\/\/blogs.sub.uni-hamburg.de\/bergedorf\/index.php?rest_route=\/wp\/v2\/users\/4"}],"replies":[{"embeddable":true,"href":"https:\/\/blogs.sub.uni-hamburg.de\/bergedorf\/index.php?rest_route=%2Fwp%2Fv2%2Fcomments&post=2034"}],"version-history":[{"count":23,"href":"https:\/\/blogs.sub.uni-hamburg.de\/bergedorf\/index.php?rest_route=\/wp\/v2\/posts\/2034\/revisions"}],"predecessor-version":[{"id":2164,"href":"https:\/\/blogs.sub.uni-hamburg.de\/bergedorf\/index.php?rest_route=\/wp\/v2\/posts\/2034\/revisions\/2164"}],"wp:attachment":[{"href":"https:\/\/blogs.sub.uni-hamburg.de\/bergedorf\/index.php?rest_route=%2Fwp%2Fv2%2Fmedia&parent=2034"}],"wp:term":[{"taxonomy":"category","embeddable":true,"href":"https:\/\/blogs.sub.uni-hamburg.de\/bergedorf\/index.php?rest_route=%2Fwp%2Fv2%2Fcategories&post=2034"},{"taxonomy":"post_tag","embeddable":true,"href":"https:\/\/blogs.sub.uni-hamburg.de\/bergedorf\/index.php?rest_route=%2Fwp%2Fv2%2Ftags&post=2034"}],"curies":[{"name":"wp","href":"https:\/\/api.w.org\/{rel}","templated":true}]}}