{"id":200,"date":"2013-05-06T19:00:57","date_gmt":"2013-05-06T17:00:57","guid":{"rendered":"http:\/\/blogs.sub.uni-hamburg.de\/bergedorf\/?p=200"},"modified":"2013-05-25T12:29:12","modified_gmt":"2013-05-25T10:29:12","slug":"das-portici","status":"publish","type":"post","link":"https:\/\/blogs.sub.uni-hamburg.de\/bergedorf\/?p=200","title":{"rendered":"Das \u201ePortici\u201c"},"content":{"rendered":"<p>Nach Abbildungen zu urteilen, muss das \u201ePortici\u201c genauso sehenswert wie die anderen Geb\u00e4ude des <a href=\"https:\/\/blogs.sub.uni-hamburg.de\/bergedorf\/?p=196\">Italienischen Viertels<\/a> gewesen sein:<\/p>\n<p><a href=\"https:\/\/blogs.sub.uni-hamburg.de\/bergedorf\/wp-content\/uploads\/2013\/01\/x_5516_Portici_1842_hq.jpg\"><img loading=\"lazy\" decoding=\"async\" src=\"https:\/\/blogs.sub.uni-hamburg.de\/bergedorf\/wp-content\/uploads\/2013\/01\/x_5516_Portici_1842_web.jpg\" alt=\"Abb. aus Bergedorfer Schlosskalender 1927: \u2018Portici\u2018 im Jahre 1842\" title=\"Abb. aus Bergedorfer Schlosskalender 1927: \u2018Portici\u2018 im Jahre 1842\" width=\"600\" height=\"475\" class=\"alignnone size-full wp-image-263\" \/><\/a><\/p>\n<p>In den folgenden Jahrzehnten ver\u00e4nderten die jeweiligen Eigent\u00fcmer mehrfach die \u00e4u\u00dfere Gestalt des Geb\u00e4udes, doch blieb die markante achteckige Form immer erhalten, wie z.B. die folgende Abbildung aus dem sp\u00e4ten 19. Jahrhundert zeigt, wenn auch der offene S\u00e4ulengang (Portico) zugebaut worden war:<\/p>\n<p><a href=\"https:\/\/blogs.sub.uni-hamburg.de\/bergedorf\/wp-content\/uploads\/2013\/01\/portici_info_ganz_hq.jpg\"><img loading=\"lazy\" decoding=\"async\" src=\"https:\/\/blogs.sub.uni-hamburg.de\/bergedorf\/wp-content\/uploads\/2013\/01\/portici_info_ganz_web.jpg\" alt=\"Vorderseite eines Werbeblatts \u2013 Poortici Info\" title=\"Vorderseite eines Werbeblatts \u2013 Poortici Info\" width=\"600\" height=\"455\" class=\"alignnone size-full wp-image-267\" srcset=\"https:\/\/blogs.sub.uni-hamburg.de\/bergedorf\/wp-content\/uploads\/2013\/01\/portici_info_ganz_web.jpg 600w, https:\/\/blogs.sub.uni-hamburg.de\/bergedorf\/wp-content\/uploads\/2013\/01\/portici_info_ganz_web-300x227.jpg 300w\" sizes=\"auto, (max-width: 600px) 100vw, 600px\" \/><\/a><\/p>\n<p>Eine aus dem Jahr 1900 stammende Innenansicht der Rotunde gibt es bei Olaf Matthes <footnote>Olaf Matthes (Hg.), <a href=\"https:\/\/kataloge.uni-hamburg.de\/DB=1\/PPNSET?PPN=492149933\">Vom Portici zum Schloss<\/a>. Die Geschichte des Museums f\u00fcr Bergedorf und die Vierlande, Hamburg 2005, S. 17.<\/footnote>. Dort ist allerdings nicht das im Jahre 1843 angefertigte Wandgem\u00e4lde von Louis Georg Boppo, das eine Szene aus Aubers Oper \u201eDie Stumme von Portici\u201c wiedergibt, zu sehen, das ein ungenannter Autor im Bergedorfer Schlo\u00dfkalender <footnote>Vgl. N.N., Das \u201eItalienische Viertel\u201c in Bergedorf, in: <a href=\"https:\/\/kataloge.uni-hamburg.de\/DB=1\/PPNSET?PPN=170625419\">Bergedorfer Schlo\u00dfkalender<\/a>, Hamburg, 3. Jg. 1927, o.p.<\/footnote> beschreibt. F\u00fcr diesen Autor steht der Architekt au\u00dfer Frage: \u201eDas Geb\u00e4ude ist die Nachahmung eines \u00e4hnlichen, ebenfalls \u201aPortici\u2018 benannten Pavillons in Venedig und wurde nach dem Plan des Architekten Chateauneuf f\u00fcr 30.000 Ct.-Mk. erbaut.\u201c (Ebd.). Auch der Heimatforscher Ludwig Uphoff schreibt ihm in einem <a href=\"http:\/\/www.bergedorf-chronik.de\/bilder\/18420500-frascati1842.jpg\">Zeitungsartikel<\/a> von 1966 dieses Werk zu. Dahms hingegen sieht in seiner j\u00fcngsten Ver\u00f6ffentlichung <footnote>Geerd Dahms: <a href=\"https:\/\/kataloge.uni-hamburg.de\/DB=1\/PPNSET?PPN=386625344\">Bergedorf. Altes neu entdeckt<\/a>, 2., \u00fcberarb. Aufl. Hamburg 2004, S. 108<\/footnote> den Ratsbaumeister Ludolff als Verantwortlichen. In David Klemms Werkverzeichnis Chateauneufs <footnote>Vgl. David Klemm: <a href=\"https:\/\/kataloge.uni-hamburg.de\/DB=1\/PPNSET?PPN=317923072\">Chronologisches Werkverzeichnis<\/a> (Werke und Projekte), in: ders. \/ Hartmut Frank (Hg.), Alexis de Chateauneuf 1799-1853. Architekt in Hamburg, London und Oslo. Hamburg 2000, S. 149 \u2013 323)<\/footnote> ist das \u201ePortici\u201c nicht enthalten.<\/p>\n<p>Auch das \u201ePortici\u201c hatte  Nebengeb\u00e4ude \u2013 und eines steht noch, fristet allerdings seit 1937 ein Hinterhof-Dasein in einem Innenhof, der von der Ecke Neuer Weg \/ Rektor-Ritter-Stra\u00dfe aus betreten werden kann (Dahms, ebd.). Nach schriftlicher Mitteilung von Geerd Dahms vom 17. Januar 2013 ist dieses Geb\u00e4ude vermutlich um 1910 als Lager f\u00fcr das Portici errichtet worden. Durch diverse Umbauten hat das Geb\u00e4ude nicht an Sch\u00f6nheit gewonnen, wie die folgende Aufnahme von Ende 2012 zeigt:<\/p>\n<p><a href=\"https:\/\/blogs.sub.uni-hamburg.de\/bergedorf\/wp-content\/uploads\/2013\/01\/Portici-CIMG2628-gr.jpg\"><img loading=\"lazy\" decoding=\"async\" src=\"https:\/\/blogs.sub.uni-hamburg.de\/bergedorf\/wp-content\/uploads\/2013\/01\/Portici-CIMG2628.jpg\" alt=\"Portici - Aufnahme von Ende 2012\" title=\"Portici - Aufnahme von Ende 2012\" width=\"600\" height=\"450\" class=\"alignnone size-full wp-image-271\" srcset=\"https:\/\/blogs.sub.uni-hamburg.de\/bergedorf\/wp-content\/uploads\/2013\/01\/Portici-CIMG2628.jpg 600w, https:\/\/blogs.sub.uni-hamburg.de\/bergedorf\/wp-content\/uploads\/2013\/01\/Portici-CIMG2628-300x225.jpg 300w\" sizes=\"auto, (max-width: 600px) 100vw, 600px\" \/><\/a><\/p>\n<p>\u00dcber lange Jahre war das \u201ePortici\u201c das Vereinslokal der 1838 gegr\u00fcndeten <a href=\"http:\/\/www.bergedorfer-liedertafel.de\/\">Bergedorfer Liedertafel<\/a>, wie die folgende Meldung belegt:<\/p>\n<p><a href=\"https:\/\/blogs.sub.uni-hamburg.de\/bergedorf\/wp-content\/uploads\/2013\/02\/10_18870908_portici-gr.jpg\"><img loading=\"lazy\" decoding=\"async\" src=\"https:\/\/blogs.sub.uni-hamburg.de\/bergedorf\/wp-content\/uploads\/2013\/02\/10_18870908_portici.jpg\" alt=\"Vierl\u00e4nder Nachrichten vom 08.09.1887 (No. 105)\" width=\"600\" height=\"351\" class=\"alignnone size-full wp-image-322\" srcset=\"https:\/\/blogs.sub.uni-hamburg.de\/bergedorf\/wp-content\/uploads\/2013\/02\/10_18870908_portici.jpg 600w, https:\/\/blogs.sub.uni-hamburg.de\/bergedorf\/wp-content\/uploads\/2013\/02\/10_18870908_portici-300x175.jpg 300w\" sizes=\"auto, (max-width: 600px) 100vw, 600px\" \/><\/a><\/p>\n<p>Im M\u00e4rz 1893 fand hier die \u201eKulturhistorische Ausstellung f\u00fcr Bergedorf und Umgegend\u201c der Heimatsammlung des <a href=\"http:\/\/www.bergedorfer-buergerverein.de\/\">Bergedorfer B\u00fcrgervereins von 1847 e.V.<\/a> statt, aus der sich letztlich das <a href=\"http:\/\/www.bergedorfmuseum.de\/\">Museum f\u00fcr Bergedorf<\/a> und die Vierlande entwickelte (vgl. auch Ludwig Uphoff <footnote>Ludwig Uphoff, Von der \u201eHeimatsammlung des B\u00fcrgervereins\u201c zum \u201eMuseum f\u00fcr Bergedorf und die Vierlande\u201c (1969), in: Gerd Hoffmann \/ Bruno Hoeft (Hg.), <a href=\"https:\/\/kataloge.uni-hamburg.de\/DB=1\/PPNSET?PPN=157684636\">Bergedorfer B\u00fcrger erz\u00e4hlen Geschichte<\/a>. Lebenserinnerungen, Berichte, Holzschnitte, Zeichnungen, Hamburg 1987, S. 26\u201331<\/footnote> und grundlegend Olaf Matthes (Hg.), Vom Portici zum Schloss <footnote>Olaf Matthes (Hg.) <a href=\"https:\/\/kataloge.uni-hamburg.de\/DB=1\/PPNSET?PPN=492149933\">Vom Portici zum Schloss<\/a>. Die Geschichte des Museums f\u00fcr Bergedorf und die Vierlande, Hamburg 2005, v.a. S. 9\u201320<\/footnote>).<\/p>\n","protected":false},"excerpt":{"rendered":"<p>Nach Abbildungen zu urteilen, muss das \u201ePortici\u201c genauso sehenswert wie die anderen Geb\u00e4ude des Italienischen Viertels gewesen sein: In den folgenden Jahrzehnten ver\u00e4nderten die jeweiligen Eigent\u00fcmer mehrfach die \u00e4u\u00dfere Gestalt des Geb\u00e4udes, doch blieb die markante achteckige Form immer erhalten, &hellip; <a href=\"https:\/\/blogs.sub.uni-hamburg.de\/bergedorf\/?p=200\">Weiterlesen <span class=\"meta-nav\">&rarr;<\/span><\/a><\/p>\n","protected":false},"author":4,"featured_media":0,"comment_status":"open","ping_status":"open","sticky":false,"template":"","format":"standard","meta":{"_jetpack_memberships_contains_paid_content":false,"footnotes":"","jetpack_publicize_message":"","jetpack_publicize_feature_enabled":true,"jetpack_social_post_already_shared":false,"jetpack_social_options":{"image_generator_settings":{"template":"highway","default_image_id":0,"font":"","enabled":false},"version":2}},"categories":[1],"tags":[],"class_list":["post-200","post","type-post","status-publish","format-standard","hentry","category-allgemein"],"jetpack_publicize_connections":[],"jetpack_featured_media_url":"","jetpack_sharing_enabled":true,"_links":{"self":[{"href":"https:\/\/blogs.sub.uni-hamburg.de\/bergedorf\/index.php?rest_route=\/wp\/v2\/posts\/200","targetHints":{"allow":["GET"]}}],"collection":[{"href":"https:\/\/blogs.sub.uni-hamburg.de\/bergedorf\/index.php?rest_route=\/wp\/v2\/posts"}],"about":[{"href":"https:\/\/blogs.sub.uni-hamburg.de\/bergedorf\/index.php?rest_route=\/wp\/v2\/types\/post"}],"author":[{"embeddable":true,"href":"https:\/\/blogs.sub.uni-hamburg.de\/bergedorf\/index.php?rest_route=\/wp\/v2\/users\/4"}],"replies":[{"embeddable":true,"href":"https:\/\/blogs.sub.uni-hamburg.de\/bergedorf\/index.php?rest_route=%2Fwp%2Fv2%2Fcomments&post=200"}],"version-history":[{"count":14,"href":"https:\/\/blogs.sub.uni-hamburg.de\/bergedorf\/index.php?rest_route=\/wp\/v2\/posts\/200\/revisions"}],"predecessor-version":[{"id":258,"href":"https:\/\/blogs.sub.uni-hamburg.de\/bergedorf\/index.php?rest_route=\/wp\/v2\/posts\/200\/revisions\/258"}],"wp:attachment":[{"href":"https:\/\/blogs.sub.uni-hamburg.de\/bergedorf\/index.php?rest_route=%2Fwp%2Fv2%2Fmedia&parent=200"}],"wp:term":[{"taxonomy":"category","embeddable":true,"href":"https:\/\/blogs.sub.uni-hamburg.de\/bergedorf\/index.php?rest_route=%2Fwp%2Fv2%2Fcategories&post=200"},{"taxonomy":"post_tag","embeddable":true,"href":"https:\/\/blogs.sub.uni-hamburg.de\/bergedorf\/index.php?rest_route=%2Fwp%2Fv2%2Ftags&post=200"}],"curies":[{"name":"wp","href":"https:\/\/api.w.org\/{rel}","templated":true}]}}