{"id":1993,"date":"2015-10-19T07:00:49","date_gmt":"2015-10-19T05:00:49","guid":{"rendered":"http:\/\/blogs.sub.uni-hamburg.de\/bergedorf\/?p=1993"},"modified":"2015-10-21T10:08:57","modified_gmt":"2015-10-21T08:08:57","slug":"nr-47-15-hotel-stadt-luebeck-im-kriegsjahr-1915","status":"publish","type":"post","link":"https:\/\/blogs.sub.uni-hamburg.de\/bergedorf\/?p=1993","title":{"rendered":"Hotel &#8222;Stadt L\u00fcbeck&#8220; im Kriegsjahr 1915"},"content":{"rendered":"<div id=\"attachment_1998\" style=\"width: 279px\" class=\"wp-caption alignright\"><a href=\"https:\/\/blogs.sub.uni-hamburg.de\/bergedorf\/wp-content\/uploads\/2015\/10\/BZ15IV0016-Stadt-L\u00fcbeck.jpg\"><img loading=\"lazy\" decoding=\"async\" aria-describedby=\"caption-attachment-1998\" class=\"wp-image-1998 size-medium\" src=\"https:\/\/blogs.sub.uni-hamburg.de\/bergedorf\/wp-content\/uploads\/2015\/10\/BZ15IV0016-Stadt-L\u00fcbeck-269x300.jpg\" alt=\"BZ15IV0016 Stadt L\u00fcbeck\" width=\"269\" height=\"300\" srcset=\"https:\/\/blogs.sub.uni-hamburg.de\/bergedorf\/wp-content\/uploads\/2015\/10\/BZ15IV0016-Stadt-L\u00fcbeck-269x300.jpg 269w, https:\/\/blogs.sub.uni-hamburg.de\/bergedorf\/wp-content\/uploads\/2015\/10\/BZ15IV0016-Stadt-L\u00fcbeck-918x1024.jpg 918w\" sizes=\"auto, (max-width: 269px) 100vw, 269px\" \/><\/a><p id=\"caption-attachment-1998\" class=\"wp-caption-text\">Bergedorfer Zeitung, 16. Oktober 1915<\/p><\/div>\n<p>In beiderst\u00e4dtischer Zeit war \u201eStadt L\u00fcbeck\u201c, das Pendant zu \u201eStadt Hamburg\u201c, die \u201el\u00fcbsche\u201c Herberge in Bergedorf gewesen, in der zur Zeit der L\u00fcbisch-Hamburgischen Doppelherrschaft \u00fcber Bergedorf und die Vierlande die L\u00fcbecker Senatoren Quartier nahmen, wenn sie zur \u201eVisitation\u201c in Bergedorf waren. Die Senatoren waren allerdings nicht die hochrangigsten G\u00e4ste in diesem Hause: hier n\u00e4chtigten 1682 der Gro\u00dfe Kurf\u00fcrst, 1838 K\u00f6nig Ernst August von Hannover und 1848 Kronprinz Wilhelm von Preu\u00dfen, wie aus <a href=\"https:\/\/kataloge.uni-hamburg.de\/DB=1\/XMLPRS=N\/PPN?PPN=048288136\">Zu Gast in Bergedorf<\/a> (dies auch die Quelle f\u00fcr die weiteren Angaben) und <a href=\"https:\/\/kataloge.uni-hamburg.de\/DB=1\/XMLPRS=N\/PPN?PPN=039733386\">Das alte Bergedorfer Stadtbild<\/a> zu erfahren ist.<br \/>\n1915 aber diente das (1912) von der Stadt Bergedorf angekaufte Geb\u00e4ude einem profaneren Zweck, n\u00e4mlich als Zentrale der Kriegsf\u00fcrsorge Bergedorf: Volksk\u00fcche (f\u00fcr einen Teil des Volks, s.u.), Waren- und Milchausgabestelle sowie Kriegsschreibstube des Bergedorfer Frauenvereins.<\/p>\n<p>Autor des Zeitungsartikels oben war wohl Gustav Weitkamp (siehe den Beitrag <a href=\"https:\/\/blogs.sub.uni-hamburg.de\/bergedorf\/?p=1964\">Von altem Zopf und H\u00fctef\u00e4ssern<\/a>), dem sich hier eine Gelegenheit bot, seine \u201epatriotische\u201c Einstellung auszubreiten \u2013 ob er in seinen Ausschm\u00fcckungen eine Stimmung beschrieb oder diese hervorrufen bzw. verst\u00e4rken wollte, sei dahingestellt, aber dass er als Kriegsziel nur noch ein \u201eDurchhalten bis zum ehrenvollen Frieden\u201c angab, zeigt deutlich, dass die Hoffnung auf einen Siegfrieden geschwunden war.<\/p>\n<p>Lesenswert ist der Artikel wegen der Details, die Weitkamp en passant erw\u00e4hnte: die Zahl der ausgegebenen Essensportionen an Soldatenfamilien war erneut gestiegen (720 pro Tag gegen\u00fcber 571 im Juli, siehe den Beitrag <a href=\"https:\/\/blogs.sub.uni-hamburg.de\/bergedorf\/?p=1845\">Nach einem Jahr<\/a>), f\u00fcr weitere bed\u00fcrftige Personen gab es nur die K\u00fcchenreste. Der w\u00e4hrend des Krieges eingerichtete Knabenhort hatte seine Existenz der zunehmenden Erwerbsarbeit von Frauen zu verdanken. Und nie zuvor hatte die Bergedorfer Zeitung die Zahl der Bergedorfer genannt, die in Kriegsgefangenschaft geraten waren: es waren \u201e\u00fcber hundert\u201c.<br \/>\nErstmals erw\u00e4hnt wurde \u201eStadt L\u00fcbeck\u201c anl\u00e4sslich eines Verkaufs im Jahre 1557; die nachfolgend wiedergegebene Ansicht war die der l\u00fcbschen Herberge (nach 1645), in der die f\u00fcrstlichen Reisenden n\u00e4chtigten.<\/p>\n<p><a href=\"https:\/\/blogs.sub.uni-hamburg.de\/bergedorf\/wp-content\/uploads\/2015\/10\/Stadt-L\u00fcbeck-1850.jpg\"><img loading=\"lazy\" decoding=\"async\" class=\"aligncenter wp-image-2003 size-large\" src=\"https:\/\/blogs.sub.uni-hamburg.de\/bergedorf\/wp-content\/uploads\/2015\/10\/Stadt-L\u00fcbeck-1850-1024x656.jpg\" alt=\"Stadt L\u00fcbeck 1850\" width=\"640\" height=\"410\" srcset=\"https:\/\/blogs.sub.uni-hamburg.de\/bergedorf\/wp-content\/uploads\/2015\/10\/Stadt-L\u00fcbeck-1850-1024x656.jpg 1024w, https:\/\/blogs.sub.uni-hamburg.de\/bergedorf\/wp-content\/uploads\/2015\/10\/Stadt-L\u00fcbeck-1850-300x192.jpg 300w, https:\/\/blogs.sub.uni-hamburg.de\/bergedorf\/wp-content\/uploads\/2015\/10\/Stadt-L\u00fcbeck-1850.jpg 1648w\" sizes=\"auto, (max-width: 640px) 100vw, 640px\" \/><\/a>Der vordere Teil wurde 1883 durch einen Neubau ersetzt, dem eine insgesamt nur kurze Lebensdauer beschieden war, ab 1919 als Jugendheim des Arbeiter-Jugendbundes, denn 1928 erfolgte der Abriss f\u00fcr die im Zeitungsartikel so genannte \u201eVerbreiterung des Kuhbergs\u201c, des schmalen G\u00e4sschens zwischen \u201eStadt L\u00fcbeck\u201c und \u201eStadt Hamburg\u201c, tats\u00e4chlich der Ausgangspunkt der sogenannten \u201eDurchbruchstra\u00dfe I\u201c, der heutigen Vierlandenstra\u00dfe (Siehe hierzu <a href=\"https:\/\/kataloge.uni-hamburg.de\/DB=1\/XMLPRS=N\/PPN?PPN=04245915X\">Die Zerst\u00f6rung von Alt-Bergedorf<\/a>).<\/p>\n<div id=\"attachment_2004\" style=\"width: 650px\" class=\"wp-caption aligncenter\"><a href=\"https:\/\/blogs.sub.uni-hamburg.de\/bergedorf\/wp-content\/uploads\/2015\/10\/AK-Stadt-L\u00fcbeck.jpg\"><img loading=\"lazy\" decoding=\"async\" aria-describedby=\"caption-attachment-2004\" class=\"wp-image-2004 size-large\" src=\"https:\/\/blogs.sub.uni-hamburg.de\/bergedorf\/wp-content\/uploads\/2015\/10\/AK-Stadt-L\u00fcbeck-1024x666.jpg\" alt=\"Heliocolorkarte um 1905 - \" width=\"640\" height=\"416\" srcset=\"https:\/\/blogs.sub.uni-hamburg.de\/bergedorf\/wp-content\/uploads\/2015\/10\/AK-Stadt-L\u00fcbeck.jpg 1024w, https:\/\/blogs.sub.uni-hamburg.de\/bergedorf\/wp-content\/uploads\/2015\/10\/AK-Stadt-L\u00fcbeck-300x195.jpg 300w\" sizes=\"auto, (max-width: 640px) 100vw, 640px\" \/><\/a><p id=\"caption-attachment-2004\" class=\"wp-caption-text\">Heliocolorkarte um 1905 &#8211; vorn rechts &#8222;Stadt L\u00fcbeck&#8220;, dahinter &#8222;Stadt Hamburg&#8220;; dazwischen ist die Einm\u00fcndung des Kuhbergs zu erahnen.<\/p><\/div>\n","protected":false},"excerpt":{"rendered":"<p>In beiderst\u00e4dtischer Zeit war \u201eStadt L\u00fcbeck\u201c, das Pendant zu \u201eStadt Hamburg\u201c, die \u201el\u00fcbsche\u201c Herberge in Bergedorf gewesen, in der zur Zeit der L\u00fcbisch-Hamburgischen Doppelherrschaft \u00fcber Bergedorf und die Vierlande die L\u00fcbecker Senatoren Quartier nahmen, wenn sie zur \u201eVisitation\u201c in Bergedorf &hellip; <a href=\"https:\/\/blogs.sub.uni-hamburg.de\/bergedorf\/?p=1993\">Weiterlesen <span class=\"meta-nav\">&rarr;<\/span><\/a><\/p>\n","protected":false},"author":4,"featured_media":0,"comment_status":"open","ping_status":"open","sticky":false,"template":"","format":"standard","meta":{"_jetpack_memberships_contains_paid_content":false,"footnotes":"","jetpack_publicize_message":"","jetpack_publicize_feature_enabled":true,"jetpack_social_post_already_shared":false,"jetpack_social_options":{"image_generator_settings":{"template":"highway","default_image_id":0,"font":"","enabled":false},"version":2}},"categories":[6],"tags":[],"class_list":["post-1993","post","type-post","status-publish","format-standard","hentry","category-bergedorf1915"],"jetpack_publicize_connections":[],"jetpack_featured_media_url":"","jetpack_sharing_enabled":true,"_links":{"self":[{"href":"https:\/\/blogs.sub.uni-hamburg.de\/bergedorf\/index.php?rest_route=\/wp\/v2\/posts\/1993","targetHints":{"allow":["GET"]}}],"collection":[{"href":"https:\/\/blogs.sub.uni-hamburg.de\/bergedorf\/index.php?rest_route=\/wp\/v2\/posts"}],"about":[{"href":"https:\/\/blogs.sub.uni-hamburg.de\/bergedorf\/index.php?rest_route=\/wp\/v2\/types\/post"}],"author":[{"embeddable":true,"href":"https:\/\/blogs.sub.uni-hamburg.de\/bergedorf\/index.php?rest_route=\/wp\/v2\/users\/4"}],"replies":[{"embeddable":true,"href":"https:\/\/blogs.sub.uni-hamburg.de\/bergedorf\/index.php?rest_route=%2Fwp%2Fv2%2Fcomments&post=1993"}],"version-history":[{"count":14,"href":"https:\/\/blogs.sub.uni-hamburg.de\/bergedorf\/index.php?rest_route=\/wp\/v2\/posts\/1993\/revisions"}],"predecessor-version":[{"id":2144,"href":"https:\/\/blogs.sub.uni-hamburg.de\/bergedorf\/index.php?rest_route=\/wp\/v2\/posts\/1993\/revisions\/2144"}],"wp:attachment":[{"href":"https:\/\/blogs.sub.uni-hamburg.de\/bergedorf\/index.php?rest_route=%2Fwp%2Fv2%2Fmedia&parent=1993"}],"wp:term":[{"taxonomy":"category","embeddable":true,"href":"https:\/\/blogs.sub.uni-hamburg.de\/bergedorf\/index.php?rest_route=%2Fwp%2Fv2%2Fcategories&post=1993"},{"taxonomy":"post_tag","embeddable":true,"href":"https:\/\/blogs.sub.uni-hamburg.de\/bergedorf\/index.php?rest_route=%2Fwp%2Fv2%2Ftags&post=1993"}],"curies":[{"name":"wp","href":"https:\/\/api.w.org\/{rel}","templated":true}]}}