{"id":1912,"date":"2015-08-31T07:00:25","date_gmt":"2015-08-31T05:00:25","guid":{"rendered":"http:\/\/blogs.sub.uni-hamburg.de\/bergedorf\/?p=1912"},"modified":"2015-08-30T10:40:59","modified_gmt":"2015-08-30T08:40:59","slug":"nr-39-15-deserteur-und-fluechtling-unklare-schicksale","status":"publish","type":"post","link":"https:\/\/blogs.sub.uni-hamburg.de\/bergedorf\/?p=1912","title":{"rendered":"Fahnenflucht und Flucht \u2013 unklare Schicksale"},"content":{"rendered":"<div id=\"attachment_1914\" style=\"width: 310px\" class=\"wp-caption alignright\"><a href=\"https:\/\/blogs.sub.uni-hamburg.de\/bergedorf\/wp-content\/uploads\/2015\/08\/BZ15B0046-Deserteur-Sande.jpg\"><img loading=\"lazy\" decoding=\"async\" aria-describedby=\"caption-attachment-1914\" class=\"size-medium wp-image-1914\" src=\"https:\/\/blogs.sub.uni-hamburg.de\/bergedorf\/wp-content\/uploads\/2015\/08\/BZ15B0046-Deserteur-Sande-300x88.jpg\" alt=\"Bergedorfer Zeitung, 27. August 1915\" width=\"300\" height=\"88\" srcset=\"https:\/\/blogs.sub.uni-hamburg.de\/bergedorf\/wp-content\/uploads\/2015\/08\/BZ15B0046-Deserteur-Sande-300x88.jpg 300w, https:\/\/blogs.sub.uni-hamburg.de\/bergedorf\/wp-content\/uploads\/2015\/08\/BZ15B0046-Deserteur-Sande-1024x301.jpg 1024w, https:\/\/blogs.sub.uni-hamburg.de\/bergedorf\/wp-content\/uploads\/2015\/08\/BZ15B0046-Deserteur-Sande.jpg 1416w\" sizes=\"auto, (max-width: 300px) 100vw, 300px\" \/><\/a><p id=\"caption-attachment-1914\" class=\"wp-caption-text\">Bergedorfer Zeitung, 27. August 1915<\/p><\/div>\n<p>Wieder aus Sande (siehe den Beitrag <a href=\"https:\/\/blogs.sub.uni-hamburg.de\/bergedorf\/?p=1685\">Bergedorfs Bille-Bad \u2013 und ein Fahnenfl\u00fcchtiger in Sande<\/a>) kam die Meldung, dass ein in Bahrenfeld stationierter Soldat sich von seinem Truppenteil \u201eheimlich entfernt\u201c hatte. Wieder erf\u00e4hrt des BZ-Leser nicht, was schlie\u00dflich aus dem Mann wurde.<\/p>\n<div id=\"attachment_1916\" style=\"width: 310px\" class=\"wp-caption alignright\"><a href=\"https:\/\/blogs.sub.uni-hamburg.de\/bergedorf\/wp-content\/uploads\/2015\/08\/BZ15B0045-Flucht-Bw.jpg\"><img loading=\"lazy\" decoding=\"async\" aria-describedby=\"caption-attachment-1916\" class=\"size-medium wp-image-1916\" src=\"https:\/\/blogs.sub.uni-hamburg.de\/bergedorf\/wp-content\/uploads\/2015\/08\/BZ15B0045-Flucht-Bw-300x67.jpg\" alt=\"Bergedorfer Zeitung, 25. August 1915\" width=\"300\" height=\"67\" srcset=\"https:\/\/blogs.sub.uni-hamburg.de\/bergedorf\/wp-content\/uploads\/2015\/08\/BZ15B0045-Flucht-Bw-300x67.jpg 300w, https:\/\/blogs.sub.uni-hamburg.de\/bergedorf\/wp-content\/uploads\/2015\/08\/BZ15B0045-Flucht-Bw-1024x228.jpg 1024w, https:\/\/blogs.sub.uni-hamburg.de\/bergedorf\/wp-content\/uploads\/2015\/08\/BZ15B0045-Flucht-Bw.jpg 1420w\" sizes=\"auto, (max-width: 300px) 100vw, 300px\" \/><\/a><p id=\"caption-attachment-1916\" class=\"wp-caption-text\">Bergedorfer Zeitung, 25. August 1915<\/p><\/div>\n<p>Die erste Meldung der BZ \u00fcber eine Flucht eines in der hiesigen Landwirtschaft t\u00e4tigen Kriegsgefangenen kam aus Billw\u00e4rder an der Bille \u2013 aber das kleine W\u00f6rtchen \u201ewieder\u201c in der zweiten Zeile der kurzen Notiz l\u00e4sst doch stutzen: wie viele andere, \u00fcber die nicht berichtet wurde, m\u00f6gen schon fr\u00fcher als Michael Abenschin gefl\u00fcchtet sein? Welche Gr\u00fcnde hatte jeweils die Flucht? Was wurde aus den Fl\u00fcchtlingen? Antworten sucht man in der Bergedorfer Zeitung vergeblich. Die Meldung aus Schleswig-Holstein allerdings, dass \u201ezunehmend\u201c Kriegsgefangene fl\u00fcchteten und dadurch generell der Einsatz Kriegsgefangener in der Landwirtschaft gef\u00e4hrdet w\u00e4re (siehe Bergedorfer Zeitung vom 25. Juni 1915), zeigt, dass offenbar viele Gefangene versuchten, sich dieser Zwangsarbeit zu entziehen und ihre Freiheit zu erlangen.<\/p>\n","protected":false},"excerpt":{"rendered":"<p>Wieder aus Sande (siehe den Beitrag Bergedorfs Bille-Bad \u2013 und ein Fahnenfl\u00fcchtiger in Sande) kam die Meldung, dass ein in Bahrenfeld stationierter Soldat sich von seinem Truppenteil \u201eheimlich entfernt\u201c hatte. Wieder erf\u00e4hrt des BZ-Leser nicht, was schlie\u00dflich aus dem Mann &hellip; <a href=\"https:\/\/blogs.sub.uni-hamburg.de\/bergedorf\/?p=1912\">Weiterlesen <span class=\"meta-nav\">&rarr;<\/span><\/a><\/p>\n","protected":false},"author":4,"featured_media":0,"comment_status":"open","ping_status":"open","sticky":false,"template":"","format":"standard","meta":{"_jetpack_memberships_contains_paid_content":false,"footnotes":"","jetpack_publicize_message":"","jetpack_publicize_feature_enabled":true,"jetpack_social_post_already_shared":false,"jetpack_social_options":{"image_generator_settings":{"template":"highway","default_image_id":0,"font":"","enabled":false},"version":2}},"categories":[6],"tags":[],"class_list":["post-1912","post","type-post","status-publish","format-standard","hentry","category-bergedorf1915"],"jetpack_publicize_connections":[],"jetpack_featured_media_url":"","jetpack_sharing_enabled":true,"_links":{"self":[{"href":"https:\/\/blogs.sub.uni-hamburg.de\/bergedorf\/index.php?rest_route=\/wp\/v2\/posts\/1912","targetHints":{"allow":["GET"]}}],"collection":[{"href":"https:\/\/blogs.sub.uni-hamburg.de\/bergedorf\/index.php?rest_route=\/wp\/v2\/posts"}],"about":[{"href":"https:\/\/blogs.sub.uni-hamburg.de\/bergedorf\/index.php?rest_route=\/wp\/v2\/types\/post"}],"author":[{"embeddable":true,"href":"https:\/\/blogs.sub.uni-hamburg.de\/bergedorf\/index.php?rest_route=\/wp\/v2\/users\/4"}],"replies":[{"embeddable":true,"href":"https:\/\/blogs.sub.uni-hamburg.de\/bergedorf\/index.php?rest_route=%2Fwp%2Fv2%2Fcomments&post=1912"}],"version-history":[{"count":8,"href":"https:\/\/blogs.sub.uni-hamburg.de\/bergedorf\/index.php?rest_route=\/wp\/v2\/posts\/1912\/revisions"}],"predecessor-version":[{"id":1952,"href":"https:\/\/blogs.sub.uni-hamburg.de\/bergedorf\/index.php?rest_route=\/wp\/v2\/posts\/1912\/revisions\/1952"}],"wp:attachment":[{"href":"https:\/\/blogs.sub.uni-hamburg.de\/bergedorf\/index.php?rest_route=%2Fwp%2Fv2%2Fmedia&parent=1912"}],"wp:term":[{"taxonomy":"category","embeddable":true,"href":"https:\/\/blogs.sub.uni-hamburg.de\/bergedorf\/index.php?rest_route=%2Fwp%2Fv2%2Fcategories&post=1912"},{"taxonomy":"post_tag","embeddable":true,"href":"https:\/\/blogs.sub.uni-hamburg.de\/bergedorf\/index.php?rest_route=%2Fwp%2Fv2%2Ftags&post=1912"}],"curies":[{"name":"wp","href":"https:\/\/api.w.org\/{rel}","templated":true}]}}