{"id":1835,"date":"2015-08-10T07:00:44","date_gmt":"2015-08-10T05:00:44","guid":{"rendered":"http:\/\/blogs.sub.uni-hamburg.de\/bergedorf\/?p=1835"},"modified":"2015-08-10T17:16:08","modified_gmt":"2015-08-10T15:16:08","slug":"1835","status":"publish","type":"post","link":"https:\/\/blogs.sub.uni-hamburg.de\/bergedorf\/?p=1835","title":{"rendered":"W\u00fcste Vorg\u00e4nge in Bergedorf"},"content":{"rendered":"<div id=\"attachment_1838\" style=\"width: 283px\" class=\"wp-caption alignright\"><a href=\"https:\/\/blogs.sub.uni-hamburg.de\/bergedorf\/wp-content\/uploads\/2015\/08\/BZ15B0031-W\u00fcste-Vorg\u00e4nge.jpg\"><img loading=\"lazy\" decoding=\"async\" aria-describedby=\"caption-attachment-1838\" class=\"size-medium wp-image-1838\" src=\"https:\/\/blogs.sub.uni-hamburg.de\/bergedorf\/wp-content\/uploads\/2015\/08\/BZ15B0031-W\u00fcste-Vorg\u00e4nge-273x300.jpg\" alt=\"Bergedorfer Zeitung, 9. August 1915\" width=\"273\" height=\"300\" srcset=\"https:\/\/blogs.sub.uni-hamburg.de\/bergedorf\/wp-content\/uploads\/2015\/08\/BZ15B0031-W\u00fcste-Vorg\u00e4nge-273x300.jpg 273w, https:\/\/blogs.sub.uni-hamburg.de\/bergedorf\/wp-content\/uploads\/2015\/08\/BZ15B0031-W\u00fcste-Vorg\u00e4nge-931x1024.jpg 931w, https:\/\/blogs.sub.uni-hamburg.de\/bergedorf\/wp-content\/uploads\/2015\/08\/BZ15B0031-W\u00fcste-Vorg\u00e4nge.jpg 1368w\" sizes=\"auto, (max-width: 273px) 100vw, 273px\" \/><\/a><p id=\"caption-attachment-1838\" class=\"wp-caption-text\">Bergedorfer Zeitung, 9. August 1915<\/p><\/div>\n<p>Zyniker k\u00f6nnten sagen, dass endlich einmal etwas los war im schl\u00e4frigen Bergedorf \u2013 doch erfreulich waren die \u201ew\u00fcsten Vorg\u00e4nge\u201c sicher nicht, und ein genauer Blick auf den Artikel lohnt sich: bei der Massenschl\u00e4gerei handelte es sich offenbar nicht um ein singul\u00e4res Ereignis, denn laut Artikel gab es \u201ewieder einmal\u201c einen \u201eungew\u00f6hnlichen Menschenauflauf\u201c \u2013 da sollte man eigentlich vermuten, dass solche Vorkommnisse schon h\u00e4ufiger Gegenstand der Berichterstattung gewesen w\u00e4ren, aber weit gefehlt: abgesehen von den im Beitrag <a href=\"https:\/\/blogs.sub.uni-hamburg.de\/bergedorf\/?p=1341\">Randale und Milchpanscherei<\/a> in Leserbriefen geschilderten \u00e4hnlichen, aber wohl deutlich kleineren Ereignissen war dies der erste derartige Bericht seit Kriegsausbruch. Die Bergedorfer Polizei (die dem Landherrn unterstand und nicht dem Bergedorfer B\u00fcrgermeister) gl\u00e4nzte hier wie da durch Abwesenheit und wurde \u2013 o Wunder! \u2013 daf\u00fcr nun von der Zeitung, die \u201eden guten Ruf unserer Stadt\u201c in Gefahr sah, scharf kritisiert.<br \/>\nDurchaus \u00fcberraschend ist, dass die Vorg\u00e4nge auf den verbreiteten Suff zur\u00fcckgef\u00fchrt wurden, denn dieser war ja durch das k\u00fcrzlich erlassene Verbot des Handels und Ausschanks von Spirituosen (siehe den Beitrag <a href=\"https:\/\/blogs.sub.uni-hamburg.de\/bergedorf\/?p=1817\">Bergedorf trockengelegt<\/a>) durch die Milit\u00e4rbeh\u00f6rden deutlich erschwert worden, was die Zeitung erfreute, denn so konnte die Kritik an der Polizei durch das Lob f\u00fcr das Milit\u00e4r wieder ausgeglichen werden, womit die BZ (in heutigen Begriffen) wieder auf der Seite der political correctness stand.<\/p>\n","protected":false},"excerpt":{"rendered":"<p>Zyniker k\u00f6nnten sagen, dass endlich einmal etwas los war im schl\u00e4frigen Bergedorf \u2013 doch erfreulich waren die \u201ew\u00fcsten Vorg\u00e4nge\u201c sicher nicht, und ein genauer Blick auf den Artikel lohnt sich: bei der Massenschl\u00e4gerei handelte es sich offenbar nicht um ein &hellip; <a href=\"https:\/\/blogs.sub.uni-hamburg.de\/bergedorf\/?p=1835\">Weiterlesen <span class=\"meta-nav\">&rarr;<\/span><\/a><\/p>\n","protected":false},"author":4,"featured_media":0,"comment_status":"open","ping_status":"open","sticky":false,"template":"","format":"standard","meta":{"_jetpack_memberships_contains_paid_content":false,"footnotes":"","jetpack_publicize_message":"","jetpack_publicize_feature_enabled":true,"jetpack_social_post_already_shared":false,"jetpack_social_options":{"image_generator_settings":{"template":"highway","default_image_id":0,"font":"","enabled":false},"version":2}},"categories":[6],"tags":[],"class_list":["post-1835","post","type-post","status-publish","format-standard","hentry","category-bergedorf1915"],"jetpack_publicize_connections":[],"jetpack_featured_media_url":"","jetpack_sharing_enabled":true,"_links":{"self":[{"href":"https:\/\/blogs.sub.uni-hamburg.de\/bergedorf\/index.php?rest_route=\/wp\/v2\/posts\/1835","targetHints":{"allow":["GET"]}}],"collection":[{"href":"https:\/\/blogs.sub.uni-hamburg.de\/bergedorf\/index.php?rest_route=\/wp\/v2\/posts"}],"about":[{"href":"https:\/\/blogs.sub.uni-hamburg.de\/bergedorf\/index.php?rest_route=\/wp\/v2\/types\/post"}],"author":[{"embeddable":true,"href":"https:\/\/blogs.sub.uni-hamburg.de\/bergedorf\/index.php?rest_route=\/wp\/v2\/users\/4"}],"replies":[{"embeddable":true,"href":"https:\/\/blogs.sub.uni-hamburg.de\/bergedorf\/index.php?rest_route=%2Fwp%2Fv2%2Fcomments&post=1835"}],"version-history":[{"count":5,"href":"https:\/\/blogs.sub.uni-hamburg.de\/bergedorf\/index.php?rest_route=\/wp\/v2\/posts\/1835\/revisions"}],"predecessor-version":[{"id":1941,"href":"https:\/\/blogs.sub.uni-hamburg.de\/bergedorf\/index.php?rest_route=\/wp\/v2\/posts\/1835\/revisions\/1941"}],"wp:attachment":[{"href":"https:\/\/blogs.sub.uni-hamburg.de\/bergedorf\/index.php?rest_route=%2Fwp%2Fv2%2Fmedia&parent=1835"}],"wp:term":[{"taxonomy":"category","embeddable":true,"href":"https:\/\/blogs.sub.uni-hamburg.de\/bergedorf\/index.php?rest_route=%2Fwp%2Fv2%2Fcategories&post=1835"},{"taxonomy":"post_tag","embeddable":true,"href":"https:\/\/blogs.sub.uni-hamburg.de\/bergedorf\/index.php?rest_route=%2Fwp%2Fv2%2Ftags&post=1835"}],"curies":[{"name":"wp","href":"https:\/\/api.w.org\/{rel}","templated":true}]}}