{"id":1715,"date":"2015-06-15T07:00:01","date_gmt":"2015-06-15T05:00:01","guid":{"rendered":"http:\/\/blogs.sub.uni-hamburg.de\/bergedorf\/?p=1715"},"modified":"2015-06-13T15:13:54","modified_gmt":"2015-06-13T13:13:54","slug":"nr-28-15-flaschenpfand-und-einkochstelle","status":"publish","type":"post","link":"https:\/\/blogs.sub.uni-hamburg.de\/bergedorf\/?p=1715","title":{"rendered":"Flaschenpfand und Einkochstelle"},"content":{"rendered":"<div id=\"attachment_1716\" style=\"width: 310px\" class=\"wp-caption alignright\"><a href=\"https:\/\/blogs.sub.uni-hamburg.de\/bergedorf\/wp-content\/uploads\/2015\/04\/BZ150052-Flaschen-Warnung.jpg\"><img loading=\"lazy\" decoding=\"async\" aria-describedby=\"caption-attachment-1716\" class=\"size-medium wp-image-1716\" src=\"https:\/\/blogs.sub.uni-hamburg.de\/bergedorf\/wp-content\/uploads\/2015\/04\/BZ150052-Flaschen-Warnung-300x262.jpg\" alt=\"Bergedorfer Zeitung, 10. Juni 1915\" width=\"300\" height=\"262\" srcset=\"https:\/\/blogs.sub.uni-hamburg.de\/bergedorf\/wp-content\/uploads\/2015\/04\/BZ150052-Flaschen-Warnung-300x262.jpg 300w, https:\/\/blogs.sub.uni-hamburg.de\/bergedorf\/wp-content\/uploads\/2015\/04\/BZ150052-Flaschen-Warnung-1024x895.jpg 1024w, https:\/\/blogs.sub.uni-hamburg.de\/bergedorf\/wp-content\/uploads\/2015\/04\/BZ150052-Flaschen-Warnung.jpg 1130w\" sizes=\"auto, (max-width: 300px) 100vw, 300px\" \/><\/a><p id=\"caption-attachment-1716\" class=\"wp-caption-text\">Bergedorfer Zeitung, 10. Juni 1915<\/p><\/div>\n<p>1915 waren Flaschen so knapp, dass f\u00fcnf Mitglieder des \u201eVereins der Mineralwasserfabrikanten\u201c, darunter vier aus Bergedorf, nicht einfach baten, leere Flaschen zur\u00fcckzubringen \u2013 sie erlie\u00dfen per Anzeige diese Warnung, derzufolge das Aneignen, ja schon das Zur\u00fcckbehalten von Mineralwasserflaschen strafbar sei und dass man sie auch nicht \u201eim eigenen Interesse\u201c benutzen d\u00fcrfe. Die Unterzeichner f\u00fchrten den Flaschenmangel auf \u201edie Unsitte, unsere Brause- und Seltersflaschen im Haushalt zu allen m\u00f6glichen Dingen zu benutzen\u201c sowie Gleichg\u00fcltigkeit und B\u00f6swilligkeit zur\u00fcck, aber es gab weitere Ursachen, \u00fcber die die Bergedorfer Zeitung berichtete: am 2. Juli 1915 war zu lesen, dass in Hamburg wegen der zahlreichen Einberufungen nicht gen\u00fcgend Flaschen hergestellt werden k\u00f6nnten (was sicher auch die Bergedorfer Glash\u00fctten beeintr\u00e4chtigte, siehe den Beitrag zum <a title=\"Kamp\" href=\"https:\/\/blogs.sub.uni-hamburg.de\/bergedorf\/?p=192\">Kamp<\/a>), und am 12. Juli forderte das 3. Armeekorps (Potsdam) auf, ihm leere Flaschen zuzusenden, da Millionen Mineralwasserflaschen an die Front gegangen seien, aber \u201enicht eine zur\u00fcckgekommen\u201c sei.<\/p>\n<p>Schlie\u00dflich trugen auch Bergedorfs Hausfrauen zum Flaschenmangel bei, die jetzt nicht mehr nur f\u00fcr den eigenen Bedarf Gem\u00fcse und S\u00e4fte einkochten, sondern diese schon seit 1914 (siehe z.B. BZ vom 6. September 1914) f\u00fcr die Front und die Lazarette in Hamburg konservierten, wie die oben ebenfalls abgebildete Anzeige des Bergedorfer Frauenvereins zeigt, und sich so einer Straftat schuldig machten.<\/p>\n<div id=\"attachment_1719\" style=\"width: 310px\" class=\"wp-caption alignright\"><a href=\"https:\/\/blogs.sub.uni-hamburg.de\/bergedorf\/wp-content\/uploads\/2015\/06\/IMG_0491-Flaschen.jpg\"><img loading=\"lazy\" decoding=\"async\" aria-describedby=\"caption-attachment-1719\" class=\"size-medium wp-image-1719\" src=\"https:\/\/blogs.sub.uni-hamburg.de\/bergedorf\/wp-content\/uploads\/2015\/06\/IMG_0491-Flaschen-300x225.jpg\" alt=\"Flaschen von Sibbers &amp; Heyden und (J.) Heinrich Lange (Privatbesitz) - zur Vergr\u00f6\u00dferung anklicken\" width=\"300\" height=\"225\" srcset=\"https:\/\/blogs.sub.uni-hamburg.de\/bergedorf\/wp-content\/uploads\/2015\/06\/IMG_0491-Flaschen-300x225.jpg 300w, https:\/\/blogs.sub.uni-hamburg.de\/bergedorf\/wp-content\/uploads\/2015\/06\/IMG_0491-Flaschen-1024x768.jpg 1024w\" sizes=\"auto, (max-width: 300px) 100vw, 300px\" \/><\/a><p id=\"caption-attachment-1719\" class=\"wp-caption-text\">Flaschen von Sibbers &amp; Heyden und (J.) Heinrich Lange (Privatbesitz) &#8211; zur Vergr\u00f6\u00dferung anklicken<\/p><\/div>\n<p>Ob die auf dem Foto gezeigten Flaschen (von Sibbers &amp; Heyden sowie Lange) wirklich zeitgen\u00f6ssisch sind, bed\u00fcrfte aufw\u00e4ndiger Recherche, die hier nicht zu leisten ist. Sie dokumentieren jedenfalls private Aneignung, obwohl die Flaschen unten mit \u201eunverk\u00e4uflich\u201c gekennzeichnet waren.<br \/>\n\u00dcbrigens: Unter dem Stichwort <a title=\"Flaschenpfand\" href=\"http:\/\/de.wikipedia.org\/wiki\/Flaschenpfand\">Flaschenpfand<\/a> widmet Wikipedia der Frage, wer eigentlich Eigent\u00fcmer einer Pfandflasche ist, l\u00e4ngere Ausf\u00fchrungen zur heutigen Lage, denn es ist alles gar nicht so einfach.<\/p>\n","protected":false},"excerpt":{"rendered":"<p>1915 waren Flaschen so knapp, dass f\u00fcnf Mitglieder des \u201eVereins der Mineralwasserfabrikanten\u201c, darunter vier aus Bergedorf, nicht einfach baten, leere Flaschen zur\u00fcckzubringen \u2013 sie erlie\u00dfen per Anzeige diese Warnung, derzufolge das Aneignen, ja schon das Zur\u00fcckbehalten von Mineralwasserflaschen strafbar sei &hellip; <a href=\"https:\/\/blogs.sub.uni-hamburg.de\/bergedorf\/?p=1715\">Weiterlesen <span class=\"meta-nav\">&rarr;<\/span><\/a><\/p>\n","protected":false},"author":4,"featured_media":0,"comment_status":"open","ping_status":"open","sticky":false,"template":"","format":"standard","meta":{"_jetpack_memberships_contains_paid_content":false,"footnotes":"","jetpack_publicize_message":"","jetpack_publicize_feature_enabled":true,"jetpack_social_post_already_shared":false,"jetpack_social_options":{"image_generator_settings":{"template":"highway","default_image_id":0,"font":"","enabled":false},"version":2}},"categories":[6],"tags":[],"class_list":["post-1715","post","type-post","status-publish","format-standard","hentry","category-bergedorf1915"],"jetpack_publicize_connections":[],"jetpack_featured_media_url":"","jetpack_sharing_enabled":true,"_links":{"self":[{"href":"https:\/\/blogs.sub.uni-hamburg.de\/bergedorf\/index.php?rest_route=\/wp\/v2\/posts\/1715","targetHints":{"allow":["GET"]}}],"collection":[{"href":"https:\/\/blogs.sub.uni-hamburg.de\/bergedorf\/index.php?rest_route=\/wp\/v2\/posts"}],"about":[{"href":"https:\/\/blogs.sub.uni-hamburg.de\/bergedorf\/index.php?rest_route=\/wp\/v2\/types\/post"}],"author":[{"embeddable":true,"href":"https:\/\/blogs.sub.uni-hamburg.de\/bergedorf\/index.php?rest_route=\/wp\/v2\/users\/4"}],"replies":[{"embeddable":true,"href":"https:\/\/blogs.sub.uni-hamburg.de\/bergedorf\/index.php?rest_route=%2Fwp%2Fv2%2Fcomments&post=1715"}],"version-history":[{"count":9,"href":"https:\/\/blogs.sub.uni-hamburg.de\/bergedorf\/index.php?rest_route=\/wp\/v2\/posts\/1715\/revisions"}],"predecessor-version":[{"id":1787,"href":"https:\/\/blogs.sub.uni-hamburg.de\/bergedorf\/index.php?rest_route=\/wp\/v2\/posts\/1715\/revisions\/1787"}],"wp:attachment":[{"href":"https:\/\/blogs.sub.uni-hamburg.de\/bergedorf\/index.php?rest_route=%2Fwp%2Fv2%2Fmedia&parent=1715"}],"wp:term":[{"taxonomy":"category","embeddable":true,"href":"https:\/\/blogs.sub.uni-hamburg.de\/bergedorf\/index.php?rest_route=%2Fwp%2Fv2%2Fcategories&post=1715"},{"taxonomy":"post_tag","embeddable":true,"href":"https:\/\/blogs.sub.uni-hamburg.de\/bergedorf\/index.php?rest_route=%2Fwp%2Fv2%2Ftags&post=1715"}],"curies":[{"name":"wp","href":"https:\/\/api.w.org\/{rel}","templated":true}]}}