{"id":16571,"date":"2026-02-09T07:00:14","date_gmt":"2026-02-09T06:00:14","guid":{"rendered":"https:\/\/blogs.sub.uni-hamburg.de\/bergedorf\/?p=16571"},"modified":"2026-02-07T12:38:01","modified_gmt":"2026-02-07T11:38:01","slug":"nr-06-26-fahrschulen-vom-pferd-zu-pferdestaerken","status":"publish","type":"post","link":"https:\/\/blogs.sub.uni-hamburg.de\/bergedorf\/?p=16571","title":{"rendered":"Fahrschulen: vom Pferd zu Pferdest\u00e4rken"},"content":{"rendered":"<div id=\"attachment_16574\" style=\"width: 280px\" class=\"wp-caption alignright\"><a href=\"https:\/\/blogs.sub.uni-hamburg.de\/bergedorf\/wp-content\/uploads\/2026\/02\/260204-4-5-6-Fahrschule-Bundesen.jpg\"><img loading=\"lazy\" decoding=\"async\" aria-describedby=\"caption-attachment-16574\" class=\"wp-image-16574\" src=\"https:\/\/blogs.sub.uni-hamburg.de\/bergedorf\/wp-content\/uploads\/2026\/02\/260204-4-5-6-Fahrschule-Bundesen-300x271.jpg\" alt=\"\" width=\"270\" height=\"244\" srcset=\"https:\/\/blogs.sub.uni-hamburg.de\/bergedorf\/wp-content\/uploads\/2026\/02\/260204-4-5-6-Fahrschule-Bundesen-300x271.jpg 300w, https:\/\/blogs.sub.uni-hamburg.de\/bergedorf\/wp-content\/uploads\/2026\/02\/260204-4-5-6-Fahrschule-Bundesen-768x694.jpg 768w, https:\/\/blogs.sub.uni-hamburg.de\/bergedorf\/wp-content\/uploads\/2026\/02\/260204-4-5-6-Fahrschule-Bundesen.jpg 876w\" sizes=\"auto, (max-width: 270px) 100vw, 270px\" \/><\/a><p id=\"caption-attachment-16574\" class=\"wp-caption-text\">Bergedorfer Zeitung, 4. Februar 1926<\/p><\/div>\n<p>Lange Jahre verstand man unter dem Begriff Fahrschule eine Ausbildungseinrichtung f\u00fcr den Umgang mit Pferd und Wagen \u2013 vielleicht deshalb inserierte Fritz Bundesen im Februar 1926, dass er nun eine Auto-Fahrschule er\u00f6ffnet hatte. Es d\u00fcrfte die erste Einrichtung dieser Art im Bereich Bergedorf-Sande gewesen sein.<\/p>\n<p>Die Motorisierung des Verkehrs nahm weiter zu: das der Baupolizeibeh\u00f6rde unterstellte Aufsichtsamt f\u00fcr Dampfkessel und Maschinen berichtete, dass 1925 in Hamburg ein Kraftfahrzeug auf 106 Einwohner kam (reichsdeutscher Spitzenwert!) und sich die Zahl der Pr\u00fcfungen \u201enahezu verdoppelt\u201c hatte (BZ vom 12. Februar 1926).<\/p>\n<div id=\"attachment_16576\" style=\"width: 280px\" class=\"wp-caption alignright\"><a href=\"https:\/\/blogs.sub.uni-hamburg.de\/bergedorf\/wp-content\/uploads\/2026\/02\/260318-6-3-4-Fahrschule-Jordan.jpg\"><img loading=\"lazy\" decoding=\"async\" aria-describedby=\"caption-attachment-16576\" class=\"wp-image-16576\" src=\"https:\/\/blogs.sub.uni-hamburg.de\/bergedorf\/wp-content\/uploads\/2026\/02\/260318-6-3-4-Fahrschule-Jordan-300x153.jpg\" alt=\"\" width=\"270\" height=\"138\" srcset=\"https:\/\/blogs.sub.uni-hamburg.de\/bergedorf\/wp-content\/uploads\/2026\/02\/260318-6-3-4-Fahrschule-Jordan-300x153.jpg 300w, https:\/\/blogs.sub.uni-hamburg.de\/bergedorf\/wp-content\/uploads\/2026\/02\/260318-6-3-4-Fahrschule-Jordan.jpg 710w\" sizes=\"auto, (max-width: 270px) 100vw, 270px\" \/><\/a><p id=\"caption-attachment-16576\" class=\"wp-caption-text\">Bergedorfer Zeitung, 18. M\u00e4rz 1926<\/p><\/div>\n<p>So nimmt es nicht Wunder, dass in Bergedorf sehr bald weitere Fahrschulen f\u00fcr Motorfahrzeuge auf den Plan traten. Bei Georg Jordan konnte man binnen zwei Wochen zur F\u00fchrerscheinpr\u00fcfung gelangen, also sehr viel schneller als heute. H. Falke am Mohnhof hatte sich in den letzten Jahren vom Fahrrad- zum Motorradh\u00e4ndler entwickelt und bot neben Reparaturen und Zubeh\u00f6r aller Art seine \u201eBenzinzapfstelle\u201c sowie seine Fahrschule an \u2013 da die <a href=\"https:\/\/blogs.sub.uni-hamburg.de\/bergedorf\/?p=14154\">F\u00fchrerscheinbefreiung<\/a> f\u00fcr kleinere Motorr\u00e4der aufgehoben worden war, wird es Nachfrage gegeben haben. (BZ vom 16. Februar 1926).<\/p>\n","protected":false},"excerpt":{"rendered":"<p>Lange Jahre verstand man unter dem Begriff Fahrschule eine Ausbildungseinrichtung f\u00fcr den Umgang mit Pferd und Wagen \u2013 vielleicht deshalb inserierte Fritz Bundesen im Februar 1926, dass er nun eine Auto-Fahrschule er\u00f6ffnet hatte. Es d\u00fcrfte die erste Einrichtung dieser Art &hellip; <a href=\"https:\/\/blogs.sub.uni-hamburg.de\/bergedorf\/?p=16571\">Weiterlesen <span class=\"meta-nav\">&rarr;<\/span><\/a><\/p>\n","protected":false},"author":4,"featured_media":0,"comment_status":"open","ping_status":"open","sticky":false,"template":"","format":"standard","meta":{"_jetpack_memberships_contains_paid_content":false,"footnotes":"","jetpack_publicize_message":"","jetpack_publicize_feature_enabled":true,"jetpack_social_post_already_shared":true,"jetpack_social_options":{"image_generator_settings":{"template":"highway","default_image_id":0,"font":"","enabled":false},"version":2}},"categories":[17],"tags":[],"class_list":["post-16571","post","type-post","status-publish","format-standard","hentry","category-bergedorf1926"],"jetpack_publicize_connections":[],"jetpack_featured_media_url":"","jetpack_sharing_enabled":true,"_links":{"self":[{"href":"https:\/\/blogs.sub.uni-hamburg.de\/bergedorf\/index.php?rest_route=\/wp\/v2\/posts\/16571","targetHints":{"allow":["GET"]}}],"collection":[{"href":"https:\/\/blogs.sub.uni-hamburg.de\/bergedorf\/index.php?rest_route=\/wp\/v2\/posts"}],"about":[{"href":"https:\/\/blogs.sub.uni-hamburg.de\/bergedorf\/index.php?rest_route=\/wp\/v2\/types\/post"}],"author":[{"embeddable":true,"href":"https:\/\/blogs.sub.uni-hamburg.de\/bergedorf\/index.php?rest_route=\/wp\/v2\/users\/4"}],"replies":[{"embeddable":true,"href":"https:\/\/blogs.sub.uni-hamburg.de\/bergedorf\/index.php?rest_route=%2Fwp%2Fv2%2Fcomments&post=16571"}],"version-history":[{"count":9,"href":"https:\/\/blogs.sub.uni-hamburg.de\/bergedorf\/index.php?rest_route=\/wp\/v2\/posts\/16571\/revisions"}],"predecessor-version":[{"id":16888,"href":"https:\/\/blogs.sub.uni-hamburg.de\/bergedorf\/index.php?rest_route=\/wp\/v2\/posts\/16571\/revisions\/16888"}],"wp:attachment":[{"href":"https:\/\/blogs.sub.uni-hamburg.de\/bergedorf\/index.php?rest_route=%2Fwp%2Fv2%2Fmedia&parent=16571"}],"wp:term":[{"taxonomy":"category","embeddable":true,"href":"https:\/\/blogs.sub.uni-hamburg.de\/bergedorf\/index.php?rest_route=%2Fwp%2Fv2%2Fcategories&post=16571"},{"taxonomy":"post_tag","embeddable":true,"href":"https:\/\/blogs.sub.uni-hamburg.de\/bergedorf\/index.php?rest_route=%2Fwp%2Fv2%2Ftags&post=16571"}],"curies":[{"name":"wp","href":"https:\/\/api.w.org\/{rel}","templated":true}]}}