{"id":16251,"date":"2025-11-24T07:00:38","date_gmt":"2025-11-24T06:00:38","guid":{"rendered":"https:\/\/blogs.sub.uni-hamburg.de\/bergedorf\/?p=16251"},"modified":"2025-11-22T13:00:40","modified_gmt":"2025-11-22T12:00:40","slug":"nr-47-25-kein-koppelgeschaeft-mit-kirchenglocken","status":"publish","type":"post","link":"https:\/\/blogs.sub.uni-hamburg.de\/bergedorf\/?p=16251","title":{"rendered":"Kein Koppelgesch\u00e4ft mit Kirchenglocken"},"content":{"rendered":"<div id=\"attachment_16255\" style=\"width: 280px\" class=\"wp-caption alignright\"><a href=\"https:\/\/blogs.sub.uni-hamburg.de\/bergedorf\/wp-content\/uploads\/2025\/11\/251119-Glocke.jpg\"><img loading=\"lazy\" decoding=\"async\" aria-describedby=\"caption-attachment-16255\" class=\"wp-image-16255\" src=\"https:\/\/blogs.sub.uni-hamburg.de\/bergedorf\/wp-content\/uploads\/2025\/11\/251119-Glocke-240x300.jpg\" alt=\"\" width=\"270\" height=\"337\" srcset=\"https:\/\/blogs.sub.uni-hamburg.de\/bergedorf\/wp-content\/uploads\/2025\/11\/251119-Glocke-240x300.jpg 240w, https:\/\/blogs.sub.uni-hamburg.de\/bergedorf\/wp-content\/uploads\/2025\/11\/251119-Glocke-820x1024.jpg 820w, https:\/\/blogs.sub.uni-hamburg.de\/bergedorf\/wp-content\/uploads\/2025\/11\/251119-Glocke-768x960.jpg 768w, https:\/\/blogs.sub.uni-hamburg.de\/bergedorf\/wp-content\/uploads\/2025\/11\/251119-Glocke.jpg 874w\" sizes=\"auto, (max-width: 270px) 100vw, 270px\" \/><\/a><p id=\"caption-attachment-16255\" class=\"wp-caption-text\">Bergedorfer Zeitung, 19. November 1925<\/p><\/div>\n<p>Es gab eine hitzige Debatte: Sollte die Stadt Bergedorf die Anschaffung einer dritten Glocke f\u00fcr die Kirche St. Petri und Pauli bezuschussen, damit das im Krieg dezimierte Gel\u00e4ut (siehe den Beitrag <a href=\"https:\/\/blogs.sub.uni-hamburg.de\/bergedorf\/?p=3919\">Von Kampfglocken und Friedensglocken<\/a>) wieder komplettiert w\u00fcrde? Der Rat beantragte daf\u00fcr bei der Stadtvertretung 1.000 Mark als Zuschuss.<\/p>\n<p>Die SPD wollte ihre Zustimmung davon abh\u00e4ngig machen, dass die Rechte verbindlich zusagte, \u201e\u00e4hnliche Antr\u00e4ge \u2026 , die von anderer Seite, z.B. vom Freidenkerverein, kommen, ebenfalls zu genehmigen\u201c, doch auf dieses Koppelgesch\u00e4ft einer undefinierten Carte blanche lie\u00df sich die b\u00fcrgerlich-rechte Mehrheit nicht ein und wies auch die Kritik der Kommunisten zur\u00fcck, die von \u201eM\u00f6rderstahl\u201c sprachen.<\/p>\n<p>Und so schlugen die rhetorischen Wellen hoch und zeigten einmal mehr die grunds\u00e4tzlichen Positionen der Parteien: die KPD nahm f\u00fcr sich in Anspruch, f\u00fcr die gesamte Arbeiterschaft zu sprechen, die SPD sah die Kirche als einen (reaktion\u00e4ren) Verein unter vielen Vereinen, die Rechte stellte sich hinter \u201eunsere Kirche\u201c und die DDP sah offenbar die Freidenker als eine der \u201everschiedenen religi\u00f6sen Gruppen\u201c.<\/p>\n<p>Offenbar kam insgesamt gen\u00fcgend Geld zusammen, auch durch einen Basar der Kirchengemeinde (BZ vom 12. November 1925), denn nicht einmal ein halbes Jahr sp\u00e4ter traf die Glocke in Bergedorf ein (BZ vom 21. Mai 1926).<\/p>\n","protected":false},"excerpt":{"rendered":"<p>Es gab eine hitzige Debatte: Sollte die Stadt Bergedorf die Anschaffung einer dritten Glocke f\u00fcr die Kirche St. Petri und Pauli bezuschussen, damit das im Krieg dezimierte Gel\u00e4ut (siehe den Beitrag Von Kampfglocken und Friedensglocken) wieder komplettiert w\u00fcrde? Der Rat &hellip; <a href=\"https:\/\/blogs.sub.uni-hamburg.de\/bergedorf\/?p=16251\">Weiterlesen <span class=\"meta-nav\">&rarr;<\/span><\/a><\/p>\n","protected":false},"author":4,"featured_media":0,"comment_status":"open","ping_status":"open","sticky":false,"template":"","format":"standard","meta":{"_jetpack_memberships_contains_paid_content":false,"footnotes":"","jetpack_publicize_message":"","jetpack_publicize_feature_enabled":true,"jetpack_social_post_already_shared":true,"jetpack_social_options":{"image_generator_settings":{"template":"highway","default_image_id":0,"font":"","enabled":false},"version":2}},"categories":[16],"tags":[],"class_list":["post-16251","post","type-post","status-publish","format-standard","hentry","category-bergedorf1925"],"jetpack_publicize_connections":[],"jetpack_featured_media_url":"","jetpack_sharing_enabled":true,"_links":{"self":[{"href":"https:\/\/blogs.sub.uni-hamburg.de\/bergedorf\/index.php?rest_route=\/wp\/v2\/posts\/16251","targetHints":{"allow":["GET"]}}],"collection":[{"href":"https:\/\/blogs.sub.uni-hamburg.de\/bergedorf\/index.php?rest_route=\/wp\/v2\/posts"}],"about":[{"href":"https:\/\/blogs.sub.uni-hamburg.de\/bergedorf\/index.php?rest_route=\/wp\/v2\/types\/post"}],"author":[{"embeddable":true,"href":"https:\/\/blogs.sub.uni-hamburg.de\/bergedorf\/index.php?rest_route=\/wp\/v2\/users\/4"}],"replies":[{"embeddable":true,"href":"https:\/\/blogs.sub.uni-hamburg.de\/bergedorf\/index.php?rest_route=%2Fwp%2Fv2%2Fcomments&post=16251"}],"version-history":[{"count":10,"href":"https:\/\/blogs.sub.uni-hamburg.de\/bergedorf\/index.php?rest_route=\/wp\/v2\/posts\/16251\/revisions"}],"predecessor-version":[{"id":16490,"href":"https:\/\/blogs.sub.uni-hamburg.de\/bergedorf\/index.php?rest_route=\/wp\/v2\/posts\/16251\/revisions\/16490"}],"wp:attachment":[{"href":"https:\/\/blogs.sub.uni-hamburg.de\/bergedorf\/index.php?rest_route=%2Fwp%2Fv2%2Fmedia&parent=16251"}],"wp:term":[{"taxonomy":"category","embeddable":true,"href":"https:\/\/blogs.sub.uni-hamburg.de\/bergedorf\/index.php?rest_route=%2Fwp%2Fv2%2Fcategories&post=16251"},{"taxonomy":"post_tag","embeddable":true,"href":"https:\/\/blogs.sub.uni-hamburg.de\/bergedorf\/index.php?rest_route=%2Fwp%2Fv2%2Ftags&post=16251"}],"curies":[{"name":"wp","href":"https:\/\/api.w.org\/{rel}","templated":true}]}}