{"id":158,"date":"2013-04-26T17:00:22","date_gmt":"2013-04-26T15:00:22","guid":{"rendered":"http:\/\/blogs.sub.uni-hamburg.de\/bergedorf\/?p=158"},"modified":"2021-12-01T21:42:57","modified_gmt":"2021-12-01T20:42:57","slug":"der-israelitische-begrabnisplatz","status":"publish","type":"post","link":"https:\/\/blogs.sub.uni-hamburg.de\/bergedorf\/?p=158","title":{"rendered":"Der Israelitische Begr\u00e4bnisplatz"},"content":{"rendered":"<p>Durch die nationalsozialistische Verfolgung, Entrechtung und Vernichtung von Juden verschwand dieser einzige, kleine j\u00fcdische Friedhof in Bergedorf. Harald Richert (Harald Richert: <a href=\"https:\/\/kataloge.uni-hamburg.de\/DB=1\/XMLPRS=N\/PPN?PPN=345018133\">Juden in Bergedorf 1695 &#8211; 1945<\/a>, in: Zeitschrift des Vereins f\u00fcr Hamburgische Geschichte, Bd. 71 (1985), <a href=\"http:\/\/agora.sub.uni-hamburg.de\/subhh\/cntmng;jsessionid=49BE8717C313DAB6092681E21BE8A98A.jvm1?type=pdf&amp;did=c1:11268\">S.145-160<\/a>, hier S. 155) schrieb 1985:<\/p>\n<blockquote><p>Heute erinnert \u2026 nichts mehr daran, dass hier ein j\u00fcdischer Gottesacker mit Grabsteinen \u2013 auch in hebr\u00e4ischer Sprache \u2013 gewesen ist.<\/p><\/blockquote>\n<p><a href=\"https:\/\/blogs.sub.uni-hamburg.de\/bergedorf\/wp-content\/uploads\/2013\/01\/Israel-Tafel-CIMG2561.jpg\"><img loading=\"lazy\" decoding=\"async\" class=\"alignright size-full wp-image-593\" title=\"Gedenktafel J\u00fcdischer Friedhof\" src=\"https:\/\/blogs.sub.uni-hamburg.de\/bergedorf\/wp-content\/uploads\/2013\/01\/Israel-Tafel-CIMG2561kl.jpg\" alt=\"Gedenktafel J\u00fcdischer Friedhof\" width=\"250\" height=\"333\" srcset=\"https:\/\/blogs.sub.uni-hamburg.de\/bergedorf\/wp-content\/uploads\/2013\/01\/Israel-Tafel-CIMG2561kl.jpg 250w, https:\/\/blogs.sub.uni-hamburg.de\/bergedorf\/wp-content\/uploads\/2013\/01\/Israel-Tafel-CIMG2561kl-225x300.jpg 225w\" sizes=\"auto, (max-width: 250px) 100vw, 250px\" \/><\/a> Seit einigen Jahren befindet sich aber an dem erhalten gebliebenen Teilst\u00fcck der Einfriedung diese Gedenktafel (s. Abb. rechts). Die Grundz\u00fcge der Geschichte dieser Begr\u00e4bnisst\u00e4tte sind klar, doch gibt es in manchen Punkten Unsicherheiten, die wohl nicht mehr aufgekl\u00e4rt werden k\u00f6nnen: hei\u00dft es in dem Aufsatz von Harald Richert (vgl. ebd.), dass Michael Nathan das Grundst\u00fcck 1840 gekauft habe, die erste von insgesamt elf Beisetzungen aber erst 1852 erfolgt sei und die St\u00e4tte unter der nationalsozialistischen Diktatur enteignet worden sei, so findet man in der vom <a href=\"http:\/\/www.igdj-hh.de\/\">Institut f\u00fcr die Geschichte der deutschen Juden<\/a> herausgegebenen sehr knappen Darstellung in \u201e<a href=\"http:\/\/www.dasjuedischehamburg.de\/inhalt\/friedh\u00f6fe\">Das j\u00fcdische Hamburg<\/a>\u201c die Angaben, dass die Anlegung durch Michael Nathan 1841 erfolgt sei und insgesamt zehn Gr\u00e4ber vorhanden gewesen seien \u2013 die Aufhebung des Friedhofs, die Exhumierung der Toten und die Deklarierung als staatliches Eigentum seien 1938 erfolgt.<\/p>\n<p><a href=\"https:\/\/blogs.sub.uni-hamburg.de\/bergedorf\/wp-content\/uploads\/2013\/01\/Israel-Zaun-CIMG2555.jpg\"><img loading=\"lazy\" decoding=\"async\" class=\"alignleft size-full wp-image-592\" title=\"Zaun J\u00fcdischer Friedhof\" src=\"https:\/\/blogs.sub.uni-hamburg.de\/bergedorf\/wp-content\/uploads\/2013\/01\/Israel-Zaun-CIMG2555kl.jpg\" alt=\"Zaun J\u00fcdischer Friedhof\" width=\"300\" height=\"225\" \/><\/a> Es ist das Verdienst von Geerd Dahms, dass er der Geschichte dieses Friedhofs akribisch nachgesp\u00fcrt und seine detaillierten Befunde pr\u00e4zise belegt hat (Vgl. Geerd Dahms: Der j\u00fcdische Friedhof auf dem GojenbergGeerd Dahms: <a href=\"https:\/\/kataloge.uni-hamburg.de\/DB=1\/XMLPRS=N\/PPN?PPN=213843234\">Der j\u00fcdische Friedhof auf dem Gojenberg<\/a>, in: Kultur- und Geschichtskontor (Hg.), Bergedorf im Gleichschritt. Ein Hamburger Stadtteil im \u201eDritten Reich\u201c, 2., verbesserte Auflage Hamburg 1996, S. 159 \u2013 180). Der Grunderwerb durch Michel Nathan erfolgte am 21. April 1841, und die erste Beisetzung d\u00fcrfte die seines zwei Monate zuvor totgeborenen Sohnes gewesen sein, der \u201eeinstweilen\u201c im Garten des Nathanschen Grundst\u00fccks bestattet worden war. Bis zum Jahre 1890 sind weitere neun Beisetzungen belegt. 1938 \u201ekaufte\u201c die Stadt Hamburg den Friedhof unter Bedingungen, die einer Enteignung gleichkamen, und machte zudem dem Grundeigent\u00fcmer J\u00fcdischer Religionsverband Hamburg die Auflage, die Toten zu exhumieren und auf dem j\u00fcdischen Friedhof an der Ilandkoppel wiederbeizusetzen. Die Exhumierung, \u00fcber die Dahms ebenso wenig Belege fand wie \u00fcber die Wiederbeisetzung, erfolgte vermutlich in der zweiten Jahresh\u00e4lfte 1939.<\/p>\n<blockquote><p>Ob dabei \u2026 tats\u00e4chlich alle dort Beerdigten erfasst wurden oder die Exhumierung auf die sechs durch Grabsteine gekennzeichneten Gr\u00e4ber beschr\u00e4nkt blieb, kann archivalisch nicht mehr gekl\u00e4rt werden. (Dahms, ebd., S. 176)<\/p><\/blockquote>\n","protected":false},"excerpt":{"rendered":"<p>Durch die nationalsozialistische Verfolgung, Entrechtung und Vernichtung von Juden verschwand dieser einzige, kleine j\u00fcdische Friedhof in Bergedorf. Harald Richert (Harald Richert: Juden in Bergedorf 1695 &#8211; 1945, in: Zeitschrift des Vereins f\u00fcr Hamburgische Geschichte, Bd. 71 (1985), S.145-160, hier S. &hellip; <a href=\"https:\/\/blogs.sub.uni-hamburg.de\/bergedorf\/?p=158\">Weiterlesen <span class=\"meta-nav\">&rarr;<\/span><\/a><\/p>\n","protected":false},"author":4,"featured_media":0,"comment_status":"open","ping_status":"open","sticky":false,"template":"","format":"standard","meta":{"_jetpack_memberships_contains_paid_content":false,"footnotes":"","jetpack_publicize_message":"","jetpack_publicize_feature_enabled":true,"jetpack_social_post_already_shared":false,"jetpack_social_options":{"image_generator_settings":{"template":"highway","default_image_id":0,"font":"","enabled":false},"version":2}},"categories":[1],"tags":[],"class_list":["post-158","post","type-post","status-publish","format-standard","hentry","category-allgemein"],"jetpack_publicize_connections":[],"jetpack_featured_media_url":"","jetpack_sharing_enabled":true,"_links":{"self":[{"href":"https:\/\/blogs.sub.uni-hamburg.de\/bergedorf\/index.php?rest_route=\/wp\/v2\/posts\/158","targetHints":{"allow":["GET"]}}],"collection":[{"href":"https:\/\/blogs.sub.uni-hamburg.de\/bergedorf\/index.php?rest_route=\/wp\/v2\/posts"}],"about":[{"href":"https:\/\/blogs.sub.uni-hamburg.de\/bergedorf\/index.php?rest_route=\/wp\/v2\/types\/post"}],"author":[{"embeddable":true,"href":"https:\/\/blogs.sub.uni-hamburg.de\/bergedorf\/index.php?rest_route=\/wp\/v2\/users\/4"}],"replies":[{"embeddable":true,"href":"https:\/\/blogs.sub.uni-hamburg.de\/bergedorf\/index.php?rest_route=%2Fwp%2Fv2%2Fcomments&post=158"}],"version-history":[{"count":10,"href":"https:\/\/blogs.sub.uni-hamburg.de\/bergedorf\/index.php?rest_route=\/wp\/v2\/posts\/158\/revisions"}],"predecessor-version":[{"id":10643,"href":"https:\/\/blogs.sub.uni-hamburg.de\/bergedorf\/index.php?rest_route=\/wp\/v2\/posts\/158\/revisions\/10643"}],"wp:attachment":[{"href":"https:\/\/blogs.sub.uni-hamburg.de\/bergedorf\/index.php?rest_route=%2Fwp%2Fv2%2Fmedia&parent=158"}],"wp:term":[{"taxonomy":"category","embeddable":true,"href":"https:\/\/blogs.sub.uni-hamburg.de\/bergedorf\/index.php?rest_route=%2Fwp%2Fv2%2Fcategories&post=158"},{"taxonomy":"post_tag","embeddable":true,"href":"https:\/\/blogs.sub.uni-hamburg.de\/bergedorf\/index.php?rest_route=%2Fwp%2Fv2%2Ftags&post=158"}],"curies":[{"name":"wp","href":"https:\/\/api.w.org\/{rel}","templated":true}]}}