{"id":15656,"date":"2025-06-23T07:00:05","date_gmt":"2025-06-23T05:00:05","guid":{"rendered":"https:\/\/blogs.sub.uni-hamburg.de\/bergedorf\/?p=15656"},"modified":"2025-06-21T11:06:57","modified_gmt":"2025-06-21T09:06:57","slug":"nr-25a-25-der-grosse-gestank-2","status":"publish","type":"post","link":"https:\/\/blogs.sub.uni-hamburg.de\/bergedorf\/?p=15656","title":{"rendered":"Der gro\u00dfe Gestank"},"content":{"rendered":"<div id=\"attachment_15660\" style=\"width: 280px\" class=\"wp-caption alignright\"><a href=\"https:\/\/blogs.sub.uni-hamburg.de\/bergedorf\/wp-content\/uploads\/2025\/06\/250616-6-Sprechs-Brunnen.jpg\"><img loading=\"lazy\" decoding=\"async\" aria-describedby=\"caption-attachment-15660\" class=\"wp-image-15660\" src=\"https:\/\/blogs.sub.uni-hamburg.de\/bergedorf\/wp-content\/uploads\/2025\/06\/250616-6-Sprechs-Brunnen-300x201.jpg\" alt=\"\" width=\"270\" height=\"181\" srcset=\"https:\/\/blogs.sub.uni-hamburg.de\/bergedorf\/wp-content\/uploads\/2025\/06\/250616-6-Sprechs-Brunnen-300x201.jpg 300w, https:\/\/blogs.sub.uni-hamburg.de\/bergedorf\/wp-content\/uploads\/2025\/06\/250616-6-Sprechs-Brunnen-768x513.jpg 768w, https:\/\/blogs.sub.uni-hamburg.de\/bergedorf\/wp-content\/uploads\/2025\/06\/250616-6-Sprechs-Brunnen.jpg 869w\" sizes=\"auto, (max-width: 270px) 100vw, 270px\" \/><\/a><p id=\"caption-attachment-15660\" class=\"wp-caption-text\">Bergedorfer Zeitung, 16. Juni 1925<\/p><\/div>\n<p>Der Gestank der chemischen Produktion muss wirklich schlimm gewesen sein \u2013 er emp\u00f6rte die Anlieger nahe der Fabrik, er besch\u00e4ftigte die Bergedorfer Kommunalpolitik und Verwaltung, die staatliche Gewerbeaufsicht, die Landherrenschaft und Gustav Weitkamp.<\/p>\n<p>Weitkamp hatte vertretungsweise die Position des Lokalredakteurs der BZ \u00fcbernommen, er wohnte in der Brunnenstra\u00dfe 49, also an demselben Sielstrang. So wusste er, wor\u00fcber er schrieb, denn der \u201ewiderliche Geruch\u201c (BZ vom 18. Juni) kam auch in seiner Wohnung aus WC und Handstein \u2013 wohl deshalb berichtete er geradezu akribisch \u00fcber den Umweltskandal.<\/p>\n<p>Nicht nur die Abw\u00e4sser waren ein Problem: vom Fabrikgel\u00e4nde an der Pollhofsbr\u00fccke verbreitete sich der \u00fcble Geruch auch durch die Luft: die Schule am Brink (ca. 1 km entfernt) musste die Fenster geschlossen halten und auf Frei\u00fcbungen auf dem Schulhof verzichten, auch beim Krankenhaus auf dem Gojenberg stank es (BZ vom 19. und 24. Juni). Trotz der olfaktorischen St\u00f6rungen gelang es einem Bergedorfer, seine Eindr\u00fccke in einer \u201eStink-Ballade in Puh-Moll\u201c zusammenzufassen, nachzulesen in der BZ vom 24. Juni.<\/p>\n<p>B\u00fcrgermeister Wiesner verk\u00fcndete vollmundig, dass er schon am 16. Juni die Einleitung verboten h\u00e4tte (BZ vom 19. Juni), doch daran hielt die Firma sich offenbar nicht (Anlieger Weitkamp in der BZ vom 19. Juni). Dann musste der B\u00fcrgermeister (auf Anfrage der BZ) einr\u00e4umen, dass er dagegen nichts tun k\u00f6nne \u2013 es sei Sache der Landesbeh\u00f6rden (BZ vom 24. Juni), und Anlieger m\u00fcssten privatrechtlich Schadenersatz einklagen (BZ vom 26. Juni). Immerhin konnte die BZ die n\u00e4chste Meldung zum Thema mit einer beruhigenden Titelzeile versehen: \u201eWieder \u201areine Luft\u2018 in der Brunnenstra\u00dfe.\u201c (BZ vom 15. Juli) \u2013 die Landherrenschaft hatte jegliche Geruchsbel\u00e4stigung untersagt und das beendete die Produktion.<\/p>\n<div id=\"attachment_15662\" style=\"width: 280px\" class=\"wp-caption alignleft\"><a href=\"https:\/\/blogs.sub.uni-hamburg.de\/bergedorf\/wp-content\/uploads\/2025\/06\/250825-2-red.-Abwaesser.jpg\"><img loading=\"lazy\" decoding=\"async\" aria-describedby=\"caption-attachment-15662\" class=\"wp-image-15662\" src=\"https:\/\/blogs.sub.uni-hamburg.de\/bergedorf\/wp-content\/uploads\/2025\/06\/250825-2-red.-Abwaesser-300x108.jpg\" alt=\"\" width=\"270\" height=\"97\" srcset=\"https:\/\/blogs.sub.uni-hamburg.de\/bergedorf\/wp-content\/uploads\/2025\/06\/250825-2-red.-Abwaesser-300x108.jpg 300w, https:\/\/blogs.sub.uni-hamburg.de\/bergedorf\/wp-content\/uploads\/2025\/06\/250825-2-red.-Abwaesser-768x277.jpg 768w, https:\/\/blogs.sub.uni-hamburg.de\/bergedorf\/wp-content\/uploads\/2025\/06\/250825-2-red.-Abwaesser.jpg 876w\" sizes=\"auto, (max-width: 270px) 100vw, 270px\" \/><\/a><p id=\"caption-attachment-15662\" class=\"wp-caption-text\">Bergedorfer Zeitung, 25. August 1925<\/p><\/div>\n<div id=\"attachment_15663\" style=\"width: 145px\" class=\"wp-caption alignright\"><a href=\"https:\/\/blogs.sub.uni-hamburg.de\/bergedorf\/wp-content\/uploads\/2025\/06\/250825-4-Bek-Abwaesser.jpg\"><img loading=\"lazy\" decoding=\"async\" aria-describedby=\"caption-attachment-15663\" class=\"wp-image-15663\" src=\"https:\/\/blogs.sub.uni-hamburg.de\/bergedorf\/wp-content\/uploads\/2025\/06\/250825-4-Bek-Abwaesser-224x300.jpg\" alt=\"\" width=\"135\" height=\"180\" srcset=\"https:\/\/blogs.sub.uni-hamburg.de\/bergedorf\/wp-content\/uploads\/2025\/06\/250825-4-Bek-Abwaesser-224x300.jpg 224w, https:\/\/blogs.sub.uni-hamburg.de\/bergedorf\/wp-content\/uploads\/2025\/06\/250825-4-Bek-Abwaesser.jpg 440w\" sizes=\"auto, (max-width: 135px) 100vw, 135px\" \/><\/a><p id=\"caption-attachment-15663\" class=\"wp-caption-text\">BZ, 25. August 1925<\/p><\/div>\n<p>Da weitere Meldungen in der BZ ausblieben, kann man davon ausgehen, dass die Abwasserbeseitigung wie geplant vonstatten ging\u00a0 und die Brunnenstra\u00dfe wieder zu einer akzeptablen Wohnadresse wurde.<\/p>\n","protected":false},"excerpt":{"rendered":"<p>Der Gestank der chemischen Produktion muss wirklich schlimm gewesen sein \u2013 er emp\u00f6rte die Anlieger nahe der Fabrik, er besch\u00e4ftigte die Bergedorfer Kommunalpolitik und Verwaltung, die staatliche Gewerbeaufsicht, die Landherrenschaft und Gustav Weitkamp. Weitkamp hatte vertretungsweise die Position des Lokalredakteurs &hellip; <a href=\"https:\/\/blogs.sub.uni-hamburg.de\/bergedorf\/?p=15656\">Weiterlesen <span class=\"meta-nav\">&rarr;<\/span><\/a><\/p>\n","protected":false},"author":4,"featured_media":0,"comment_status":"open","ping_status":"open","sticky":false,"template":"","format":"standard","meta":{"_jetpack_memberships_contains_paid_content":false,"footnotes":"","jetpack_publicize_message":"","jetpack_publicize_feature_enabled":true,"jetpack_social_post_already_shared":true,"jetpack_social_options":{"image_generator_settings":{"template":"highway","default_image_id":0,"font":"","enabled":false},"version":2}},"categories":[16],"tags":[],"class_list":["post-15656","post","type-post","status-publish","format-standard","hentry","category-bergedorf1925"],"jetpack_publicize_connections":[],"jetpack_featured_media_url":"","jetpack_sharing_enabled":true,"_links":{"self":[{"href":"https:\/\/blogs.sub.uni-hamburg.de\/bergedorf\/index.php?rest_route=\/wp\/v2\/posts\/15656","targetHints":{"allow":["GET"]}}],"collection":[{"href":"https:\/\/blogs.sub.uni-hamburg.de\/bergedorf\/index.php?rest_route=\/wp\/v2\/posts"}],"about":[{"href":"https:\/\/blogs.sub.uni-hamburg.de\/bergedorf\/index.php?rest_route=\/wp\/v2\/types\/post"}],"author":[{"embeddable":true,"href":"https:\/\/blogs.sub.uni-hamburg.de\/bergedorf\/index.php?rest_route=\/wp\/v2\/users\/4"}],"replies":[{"embeddable":true,"href":"https:\/\/blogs.sub.uni-hamburg.de\/bergedorf\/index.php?rest_route=%2Fwp%2Fv2%2Fcomments&post=15656"}],"version-history":[{"count":8,"href":"https:\/\/blogs.sub.uni-hamburg.de\/bergedorf\/index.php?rest_route=\/wp\/v2\/posts\/15656\/revisions"}],"predecessor-version":[{"id":16236,"href":"https:\/\/blogs.sub.uni-hamburg.de\/bergedorf\/index.php?rest_route=\/wp\/v2\/posts\/15656\/revisions\/16236"}],"wp:attachment":[{"href":"https:\/\/blogs.sub.uni-hamburg.de\/bergedorf\/index.php?rest_route=%2Fwp%2Fv2%2Fmedia&parent=15656"}],"wp:term":[{"taxonomy":"category","embeddable":true,"href":"https:\/\/blogs.sub.uni-hamburg.de\/bergedorf\/index.php?rest_route=%2Fwp%2Fv2%2Fcategories&post=15656"},{"taxonomy":"post_tag","embeddable":true,"href":"https:\/\/blogs.sub.uni-hamburg.de\/bergedorf\/index.php?rest_route=%2Fwp%2Fv2%2Ftags&post=15656"}],"curies":[{"name":"wp","href":"https:\/\/api.w.org\/{rel}","templated":true}]}}