{"id":15374,"date":"2025-04-07T07:00:10","date_gmt":"2025-04-07T05:00:10","guid":{"rendered":"https:\/\/blogs.sub.uni-hamburg.de\/bergedorf\/?p=15374"},"modified":"2025-04-05T16:06:15","modified_gmt":"2025-04-05T14:06:15","slug":"nr-14-25-der-deutsche-waldlaufmeister-mit-der-bowle","status":"publish","type":"post","link":"https:\/\/blogs.sub.uni-hamburg.de\/bergedorf\/?p=15374","title":{"rendered":"Der deutsche Waldlaufmeister mit der Bowle"},"content":{"rendered":"<div id=\"attachment_15377\" style=\"width: 415px\" class=\"wp-caption alignright\"><a href=\"https:\/\/blogs.sub.uni-hamburg.de\/bergedorf\/wp-content\/uploads\/2025\/04\/250403-6-Anz-Meister.jpg\"><img loading=\"lazy\" decoding=\"async\" aria-describedby=\"caption-attachment-15377\" class=\"wp-image-15377\" src=\"https:\/\/blogs.sub.uni-hamburg.de\/bergedorf\/wp-content\/uploads\/2025\/04\/250403-6-Anz-Meister-300x278.jpg\" alt=\"\" width=\"405\" height=\"375\" srcset=\"https:\/\/blogs.sub.uni-hamburg.de\/bergedorf\/wp-content\/uploads\/2025\/04\/250403-6-Anz-Meister-300x278.jpg 300w, https:\/\/blogs.sub.uni-hamburg.de\/bergedorf\/wp-content\/uploads\/2025\/04\/250403-6-Anz-Meister-1024x949.jpg 1024w, https:\/\/blogs.sub.uni-hamburg.de\/bergedorf\/wp-content\/uploads\/2025\/04\/250403-6-Anz-Meister-768x712.jpg 768w, https:\/\/blogs.sub.uni-hamburg.de\/bergedorf\/wp-content\/uploads\/2025\/04\/250403-6-Anz-Meister.jpg 1300w\" sizes=\"auto, (max-width: 405px) 100vw, 405px\" \/><\/a><p id=\"caption-attachment-15377\" class=\"wp-caption-text\">Bergedorfer Zeitung, 3. April 1925<\/p><\/div>\n<p>Die deutschen Meisterschaften waren bereits der dritte gro\u00dfe Waldlauf des Jahres in Bergedorf; im M\u00e4rz waren hier die Hamburger und die norddeutschen Titel vergeben worden, im Gegensatz zum Vorjahr ohne Glatteis (siehe den Beitrag <a href=\"https:\/\/blogs.sub.uni-hamburg.de\/bergedorf\/?p=13852\">Waldlauf mit Hindernissen<\/a>).<\/p>\n<p>Die Bergedorfer Sportler mussten sich bei dem Lauf zur deutschen Meisterschaft auf das Zuschauen beschr\u00e4nken, sie hatten sich nicht f\u00fcr das Teilnehmerfeld qualifizieren k\u00f6nnen \u2013 \u00fcberhaupt wurde in der BZ bei den Rennen im M\u00e4rz nur ein einziger Bergedorfer namentlich genannt, der Jugendliche Richter, der Hamburger Vizemeister wurde. Alle anderen waren wohl unter \u201eferner liefen\u201c, wurden aber nicht erw\u00e4hnt (BZ vom 9. und 20. M\u00e4rz).<\/p>\n<div id=\"attachment_15381\" style=\"width: 280px\" class=\"wp-caption alignright\"><a href=\"https:\/\/blogs.sub.uni-hamburg.de\/bergedorf\/wp-content\/uploads\/2025\/04\/250406-5-Waldlauf-Bgd.jpg\"><img loading=\"lazy\" decoding=\"async\" aria-describedby=\"caption-attachment-15381\" class=\"wp-image-15381\" src=\"https:\/\/blogs.sub.uni-hamburg.de\/bergedorf\/wp-content\/uploads\/2025\/04\/250406-5-Waldlauf-Bgd-300x295.jpg\" alt=\"\" width=\"270\" height=\"265\" srcset=\"https:\/\/blogs.sub.uni-hamburg.de\/bergedorf\/wp-content\/uploads\/2025\/04\/250406-5-Waldlauf-Bgd-300x295.jpg 300w, https:\/\/blogs.sub.uni-hamburg.de\/bergedorf\/wp-content\/uploads\/2025\/04\/250406-5-Waldlauf-Bgd-768x755.jpg 768w, https:\/\/blogs.sub.uni-hamburg.de\/bergedorf\/wp-content\/uploads\/2025\/04\/250406-5-Waldlauf-Bgd.jpg 855w\" sizes=\"auto, (max-width: 270px) 100vw, 270px\" \/><\/a><p id=\"caption-attachment-15381\" class=\"wp-caption-text\">Bergedorfer Zeitung, 6. April 1925 (gek\u00fcrzt)<\/p><\/div>\n<p>F\u00fcr Bergedorf war es dennoch ein Gro\u00dfereignis \u2013 ob es \u201einternationale Bedeutung\u201c hatte, sei dahingestellt \u2013 Stadt und B\u00fcrger hissten die Flaggen, viele B\u00fcrger gaben dem \u201eZug der Sportj\u00fcnger\u201c das Geleit, Marschmusik ert\u00f6nte, man harrte am Start und auf der Strecke des sportlichen Ereignisses, und man befolgte wohl den Appell: \u201eDie Rennleitung ersucht die Zuschauer dringend, den L\u00e4ufern auf allen Wegen bereitwilligst Platz zu machen\u201c (BZ vom 4. April). St\u00f6rungsmeldungen gab es keine, und der L\u00e4ufer Gra\u00dfmann aus Vielau (nahe Zwickau) konnte sich nicht nur \u00fcber seine Titelverteidigung freuen, sondern auch \u00fcber den vom Rat der Stadt Bergedorf gestifteten Ehrenpreis, eine Bowle. Die bot sich dann bestimmt f\u00fcr eine Waldmeisterbowle an.<\/p>\n<div id=\"attachment_15383\" style=\"width: 280px\" class=\"wp-caption alignright\"><a href=\"https:\/\/blogs.sub.uni-hamburg.de\/bergedorf\/wp-content\/uploads\/2025\/04\/250406-5-Waldlauf-DT.jpg\"><img loading=\"lazy\" decoding=\"async\" aria-describedby=\"caption-attachment-15383\" class=\"wp-image-15383\" src=\"https:\/\/blogs.sub.uni-hamburg.de\/bergedorf\/wp-content\/uploads\/2025\/04\/250406-5-Waldlauf-DT-300x32.jpg\" alt=\"\" width=\"270\" height=\"29\" srcset=\"https:\/\/blogs.sub.uni-hamburg.de\/bergedorf\/wp-content\/uploads\/2025\/04\/250406-5-Waldlauf-DT-300x32.jpg 300w, https:\/\/blogs.sub.uni-hamburg.de\/bergedorf\/wp-content\/uploads\/2025\/04\/250406-5-Waldlauf-DT-768x81.jpg 768w, https:\/\/blogs.sub.uni-hamburg.de\/bergedorf\/wp-content\/uploads\/2025\/04\/250406-5-Waldlauf-DT.jpg 878w\" sizes=\"auto, (max-width: 270px) 100vw, 270px\" \/><\/a><p id=\"caption-attachment-15383\" class=\"wp-caption-text\">Bergedorfer Zeitung, 6. April 1925<\/p><\/div>\n<p>Ebenfalls am 5. April wurden die nordwestdeutschen Meisterschaften im Gel\u00e4ndelauf ausgetragen (in Elmshorn) \u2013 der Sieger geh\u00f6rte zu einem M\u00e4nnerturnverein, also zur Deutschen Turnerschaft \u2013 die Bergedorfer Rennen hingegen trug die Konkurrenz aus: Spiel und Sport Bergedorf e.V. war Mitglied im Norddeutschen Fu\u00dfballverband, und dieser wieder geh\u00f6rte zur Deutschen Sportbeh\u00f6rde f\u00fcr Leichtathletik.<\/p>\n<p>&nbsp;<\/p>\n<p>&nbsp;<\/p>\n","protected":false},"excerpt":{"rendered":"<p>Die deutschen Meisterschaften waren bereits der dritte gro\u00dfe Waldlauf des Jahres in Bergedorf; im M\u00e4rz waren hier die Hamburger und die norddeutschen Titel vergeben worden, im Gegensatz zum Vorjahr ohne Glatteis (siehe den Beitrag Waldlauf mit Hindernissen). Die Bergedorfer Sportler &hellip; <a href=\"https:\/\/blogs.sub.uni-hamburg.de\/bergedorf\/?p=15374\">Weiterlesen <span class=\"meta-nav\">&rarr;<\/span><\/a><\/p>\n","protected":false},"author":4,"featured_media":0,"comment_status":"open","ping_status":"open","sticky":false,"template":"","format":"standard","meta":{"_jetpack_memberships_contains_paid_content":false,"footnotes":"","jetpack_publicize_message":"","jetpack_publicize_feature_enabled":true,"jetpack_social_post_already_shared":true,"jetpack_social_options":{"image_generator_settings":{"template":"highway","default_image_id":0,"font":"","enabled":false},"version":2}},"categories":[16],"tags":[],"class_list":["post-15374","post","type-post","status-publish","format-standard","hentry","category-bergedorf1925"],"jetpack_publicize_connections":[],"jetpack_featured_media_url":"","jetpack_sharing_enabled":true,"_links":{"self":[{"href":"https:\/\/blogs.sub.uni-hamburg.de\/bergedorf\/index.php?rest_route=\/wp\/v2\/posts\/15374","targetHints":{"allow":["GET"]}}],"collection":[{"href":"https:\/\/blogs.sub.uni-hamburg.de\/bergedorf\/index.php?rest_route=\/wp\/v2\/posts"}],"about":[{"href":"https:\/\/blogs.sub.uni-hamburg.de\/bergedorf\/index.php?rest_route=\/wp\/v2\/types\/post"}],"author":[{"embeddable":true,"href":"https:\/\/blogs.sub.uni-hamburg.de\/bergedorf\/index.php?rest_route=\/wp\/v2\/users\/4"}],"replies":[{"embeddable":true,"href":"https:\/\/blogs.sub.uni-hamburg.de\/bergedorf\/index.php?rest_route=%2Fwp%2Fv2%2Fcomments&post=15374"}],"version-history":[{"count":12,"href":"https:\/\/blogs.sub.uni-hamburg.de\/bergedorf\/index.php?rest_route=\/wp\/v2\/posts\/15374\/revisions"}],"predecessor-version":[{"id":15812,"href":"https:\/\/blogs.sub.uni-hamburg.de\/bergedorf\/index.php?rest_route=\/wp\/v2\/posts\/15374\/revisions\/15812"}],"wp:attachment":[{"href":"https:\/\/blogs.sub.uni-hamburg.de\/bergedorf\/index.php?rest_route=%2Fwp%2Fv2%2Fmedia&parent=15374"}],"wp:term":[{"taxonomy":"category","embeddable":true,"href":"https:\/\/blogs.sub.uni-hamburg.de\/bergedorf\/index.php?rest_route=%2Fwp%2Fv2%2Fcategories&post=15374"},{"taxonomy":"post_tag","embeddable":true,"href":"https:\/\/blogs.sub.uni-hamburg.de\/bergedorf\/index.php?rest_route=%2Fwp%2Fv2%2Ftags&post=15374"}],"curies":[{"name":"wp","href":"https:\/\/api.w.org\/{rel}","templated":true}]}}