{"id":14711,"date":"2024-09-23T07:00:15","date_gmt":"2024-09-23T05:00:15","guid":{"rendered":"https:\/\/blogs.sub.uni-hamburg.de\/bergedorf\/?p=14711"},"modified":"2024-09-22T10:10:22","modified_gmt":"2024-09-22T08:10:22","slug":"nr-38a-24-schloss-kalender-vs-almanach","status":"publish","type":"post","link":"https:\/\/blogs.sub.uni-hamburg.de\/bergedorf\/?p=14711","title":{"rendered":"Bergedorfer Schlo\u00df-Kalender vs. Hamburger Almanach"},"content":{"rendered":"<div id=\"attachment_14714\" style=\"width: 145px\" class=\"wp-caption alignleft\"><a href=\"https:\/\/blogs.sub.uni-hamburg.de\/bergedorf\/wp-content\/uploads\/2024\/09\/240206-3-Anz-M-43.jpg\"><img loading=\"lazy\" decoding=\"async\" aria-describedby=\"caption-attachment-14714\" class=\"wp-image-14714\" src=\"https:\/\/blogs.sub.uni-hamburg.de\/bergedorf\/wp-content\/uploads\/2024\/09\/240206-3-Anz-M-43-300x222.jpg\" alt=\"\" width=\"135\" height=\"100\" srcset=\"https:\/\/blogs.sub.uni-hamburg.de\/bergedorf\/wp-content\/uploads\/2024\/09\/240206-3-Anz-M-43-300x222.jpg 300w, https:\/\/blogs.sub.uni-hamburg.de\/bergedorf\/wp-content\/uploads\/2024\/09\/240206-3-Anz-M-43.jpg 443w\" sizes=\"auto, (max-width: 135px) 100vw, 135px\" \/><\/a><p id=\"caption-attachment-14714\" class=\"wp-caption-text\">BZ, 6. Februar 1924<\/p><\/div>\n<div id=\"attachment_14715\" style=\"width: 145px\" class=\"wp-caption alignright\"><a href=\"https:\/\/blogs.sub.uni-hamburg.de\/bergedorf\/wp-content\/uploads\/2024\/09\/240212-4-Anz-Buchkal.jpg\"><img loading=\"lazy\" decoding=\"async\" aria-describedby=\"caption-attachment-14715\" class=\"wp-image-14715\" src=\"https:\/\/blogs.sub.uni-hamburg.de\/bergedorf\/wp-content\/uploads\/2024\/09\/240212-4-Anz-Buchkal-300x252.jpg\" alt=\"\" width=\"135\" height=\"113\" srcset=\"https:\/\/blogs.sub.uni-hamburg.de\/bergedorf\/wp-content\/uploads\/2024\/09\/240212-4-Anz-Buchkal-300x252.jpg 300w, https:\/\/blogs.sub.uni-hamburg.de\/bergedorf\/wp-content\/uploads\/2024\/09\/240212-4-Anz-Buchkal.jpg 437w\" sizes=\"auto, (max-width: 135px) 100vw, 135px\" \/><\/a><p id=\"caption-attachment-14715\" class=\"wp-caption-text\">BZ, 12. Februar 1924<\/p><\/div>\n<p>Der eine Inserent suchte Texte f\u00fcr eine Zeitschrift, der andere f\u00fcr einen Buchkalender \u2013 die Art der erbetenen Texte war praktisch gleich, und so kann man vermuten, dass nur ein einziger Inserent dahintersteckte, n\u00e4mlich Gustav Weitkamp. Sein \u201eBuchkalender\u201c jedenfalls erblickte im zweiten Halbjahr 1924 als \u201eBergedorfer Schlo\u00df-Kalender\u201c das Licht der \u00d6ffentlichkeit.<\/p>\n<div id=\"attachment_14710\" style=\"width: 280px\" class=\"wp-caption alignright\"><a href=\"https:\/\/blogs.sub.uni-hamburg.de\/bergedorf\/wp-content\/uploads\/2024\/08\/Titel-BSK-1925-10.jpg\"><img loading=\"lazy\" decoding=\"async\" aria-describedby=\"caption-attachment-14710\" class=\"wp-image-14710\" src=\"https:\/\/blogs.sub.uni-hamburg.de\/bergedorf\/wp-content\/uploads\/2024\/08\/Titel-BSK-1925-10.jpg\" alt=\"\" width=\"270\" height=\"356\" \/><\/a><p id=\"caption-attachment-14710\" class=\"wp-caption-text\">Titelblatt<\/p><\/div>\n<div id=\"attachment_14718\" style=\"width: 280px\" class=\"wp-caption alignleft\"><a href=\"https:\/\/blogs.sub.uni-hamburg.de\/bergedorf\/wp-content\/uploads\/2024\/09\/240920-8-Anz-BSK.jpg\"><img loading=\"lazy\" decoding=\"async\" aria-describedby=\"caption-attachment-14718\" class=\"wp-image-14718\" src=\"https:\/\/blogs.sub.uni-hamburg.de\/bergedorf\/wp-content\/uploads\/2024\/09\/240920-8-Anz-BSK-229x300.jpg\" alt=\"\" width=\"270\" height=\"353\" srcset=\"https:\/\/blogs.sub.uni-hamburg.de\/bergedorf\/wp-content\/uploads\/2024\/09\/240920-8-Anz-BSK-229x300.jpg 229w, https:\/\/blogs.sub.uni-hamburg.de\/bergedorf\/wp-content\/uploads\/2024\/09\/240920-8-Anz-BSK-783x1024.jpg 783w, https:\/\/blogs.sub.uni-hamburg.de\/bergedorf\/wp-content\/uploads\/2024\/09\/240920-8-Anz-BSK-768x1005.jpg 768w, https:\/\/blogs.sub.uni-hamburg.de\/bergedorf\/wp-content\/uploads\/2024\/09\/240920-8-Anz-BSK-1174x1536.jpg 1174w, https:\/\/blogs.sub.uni-hamburg.de\/bergedorf\/wp-content\/uploads\/2024\/09\/240920-8-Anz-BSK.jpg 1306w\" sizes=\"auto, (max-width: 270px) 100vw, 270px\" \/><\/a><p id=\"caption-attachment-14718\" class=\"wp-caption-text\">Bergedorfer Zeitung, 20. September 1924<\/p><\/div>\n<p>Das Heft\u00a0 sollte ein Heimatkalender f\u00fcr den Raum Bergedorf sein, einerseits Nachschlagewerk (Sprechzeiten und Sitze der Beh\u00f6rden in Bergedorf, Kalendarium, Tidezeiten, Kram-, Vieh-, Pferde- und Schweinem\u00e4rkte, Landwirtschaftliches u.a.m.), andererseits Unterhaltungsblatt mit einem zw\u00f6lfseitigen \u201eJahres-R\u00fcckblick\u201c (offenkundig als fertige Seiten aus hier unbekannter Quelle \u00fcbernommen), 40 Seiten Erz\u00e4hlungen, Humoristischem, R\u00e4tseln und dergleichen, mit zahlreichen Illustrationen und auch Fotografien.<\/p>\n<p>Erst im letzten Teil findet man auf gut 20 Seiten die Texte, nach denen Weitkamp per Kleinanzeige gesucht hatte. Neben den Hamburger Autoren <a href=\"https:\/\/de.wikipedia.org\/wiki\/Ludwig_Frahm\">Ludwig Frahm<\/a>, <a href=\"https:\/\/de.wikipedia.org\/wiki\/Paul_Schurek\">Paul Schurek<\/a>, <a href=\"https:\/\/www.sammeltobstkerne.de\/234.htm\">Otto Larsen<\/a> und August Wysocki seien hier der Altengammer <a href=\"https:\/\/blogs.sub.uni-hamburg.de\/bergedorf\/?p=6725\">Pastor Friedrich Holtz<\/a>, <a href=\"https:\/\/blogs.sub.uni-hamburg.de\/bergedorf\/?p=4567\">Johann Br\u00fcdt<\/a> aus Sande, der Gem\u00fcsebauer <a href=\"https:\/\/blogs.sub.uni-hamburg.de\/bergedorf\/?p=11735\">Gustav Graveley<\/a> und <a href=\"https:\/\/blogs.sub.uni-hamburg.de\/bergedorf\/?p=6585\">Hans F\u00f6rster<\/a> genannt. Bei einigen Texten wird kein Verfasser angegeben; vermutlich stammen diese vom Herausgeber Weitkamp. Die einzige Illustration in diesem Teil, eine Vignette, ist von Hans F\u00f6rster.<\/p>\n<div id=\"attachment_14721\" style=\"width: 145px\" class=\"wp-caption alignleft\"><a href=\"https:\/\/blogs.sub.uni-hamburg.de\/bergedorf\/wp-content\/uploads\/2024\/09\/240924-3-Anz-HIA.jpg\"><img loading=\"lazy\" decoding=\"async\" aria-describedby=\"caption-attachment-14721\" class=\"wp-image-14721\" src=\"https:\/\/blogs.sub.uni-hamburg.de\/bergedorf\/wp-content\/uploads\/2024\/09\/240924-3-Anz-HIA-297x300.jpg\" alt=\"\" width=\"135\" height=\"136\" srcset=\"https:\/\/blogs.sub.uni-hamburg.de\/bergedorf\/wp-content\/uploads\/2024\/09\/240924-3-Anz-HIA-297x300.jpg 297w, https:\/\/blogs.sub.uni-hamburg.de\/bergedorf\/wp-content\/uploads\/2024\/09\/240924-3-Anz-HIA-150x150.jpg 150w, https:\/\/blogs.sub.uni-hamburg.de\/bergedorf\/wp-content\/uploads\/2024\/09\/240924-3-Anz-HIA.jpg 449w\" sizes=\"auto, (max-width: 135px) 100vw, 135px\" \/><\/a><p id=\"caption-attachment-14721\" class=\"wp-caption-text\">BZ, 24. September 1924<\/p><\/div>\n<div id=\"attachment_14722\" style=\"width: 230px\" class=\"wp-caption alignright\"><a href=\"https:\/\/blogs.sub.uni-hamburg.de\/bergedorf\/wp-content\/uploads\/2024\/09\/Titel-HIA-1925-50.jpg\"><img loading=\"lazy\" decoding=\"async\" aria-describedby=\"caption-attachment-14722\" class=\"wp-image-14722\" src=\"https:\/\/blogs.sub.uni-hamburg.de\/bergedorf\/wp-content\/uploads\/2024\/09\/Titel-HIA-1925-50-189x300.jpg\" alt=\"\" width=\"220\" height=\"350\" srcset=\"https:\/\/blogs.sub.uni-hamburg.de\/bergedorf\/wp-content\/uploads\/2024\/09\/Titel-HIA-1925-50-189x300.jpg 189w, https:\/\/blogs.sub.uni-hamburg.de\/bergedorf\/wp-content\/uploads\/2024\/09\/Titel-HIA-1925-50-644x1024.jpg 644w, https:\/\/blogs.sub.uni-hamburg.de\/bergedorf\/wp-content\/uploads\/2024\/09\/Titel-HIA-1925-50.jpg 740w\" sizes=\"auto, (max-width: 220px) 100vw, 220px\" \/><\/a><p id=\"caption-attachment-14722\" class=\"wp-caption-text\">Titelblatt<\/p><\/div>\n<p>Ob es angesichts dieser Neuerscheinung den Herren Albers und L\u00fctten gelang, den \u201ealtbew\u00e4hrten\u201c Hamburger Illustrierten Almanach in gleicher St\u00fcckzahl wie in den Jahren zuvor zu verkaufen, ist zu bezweifeln: zwar kostete der \u201eAlmanach\u201c weniger, aber er hatte weniger Seiten (80), weniger Illustrationen (4) und erschien in kleinerem Format (18,7 x 12,2 cm gegen 23,3 x 17,8 cm). Der Raum Bergedorf fand Erw\u00e4hnung nur mit den Marktterminen und der \u201eSternwarte, Bergedorf, auf dem Gojenberge\u201c im Verzeichnis der \u201eAdressen von Versammlungsorten und Bureaus der Beh\u00f6rden, gemeinn\u00fctzigen Vereine usw.\u201c \u00a0\u2013 es war halt ein Hamburger Almanach.<\/p>\n<p>Die Abbildungen der Titelseiten der beiden Publikationen wurden aus Privatbesitz zur Verf\u00fcgung gestellt \u2013 beim Schlosskalender hat die Staatsbibliothek eine Bestandsl\u00fccke f\u00fcr den ersten und zweiten Jahrgang und w\u00fcrde diese L\u00fccke gern schlie\u00dfen. Wenn also jemand eine Doublette hat oder auf sein Exemplar aus anderen Gr\u00fcnden verzichten m\u00f6chte, wird um Mitteilung \u00fcber die Kommentarfunktion des Blogs oder per Nachricht an <a href=\"mailto:bergedorfblog@sub.uni-hamburg.de\">bergedorfblog@sub.uni-hamburg.de<\/a> gebeten.<\/p>\n","protected":false},"excerpt":{"rendered":"<p>Der eine Inserent suchte Texte f\u00fcr eine Zeitschrift, der andere f\u00fcr einen Buchkalender \u2013 die Art der erbetenen Texte war praktisch gleich, und so kann man vermuten, dass nur ein einziger Inserent dahintersteckte, n\u00e4mlich Gustav Weitkamp. Sein \u201eBuchkalender\u201c jedenfalls erblickte &hellip; <a href=\"https:\/\/blogs.sub.uni-hamburg.de\/bergedorf\/?p=14711\">Weiterlesen <span class=\"meta-nav\">&rarr;<\/span><\/a><\/p>\n","protected":false},"author":4,"featured_media":0,"comment_status":"open","ping_status":"open","sticky":false,"template":"","format":"standard","meta":{"_jetpack_memberships_contains_paid_content":false,"footnotes":"","jetpack_publicize_message":"","jetpack_publicize_feature_enabled":true,"jetpack_social_post_already_shared":false,"jetpack_social_options":{"image_generator_settings":{"template":"highway","default_image_id":0,"font":"","enabled":false},"version":2}},"categories":[15],"tags":[],"class_list":["post-14711","post","type-post","status-publish","format-standard","hentry","category-bergedorf-1924"],"jetpack_publicize_connections":[],"jetpack_featured_media_url":"","jetpack_sharing_enabled":true,"_links":{"self":[{"href":"https:\/\/blogs.sub.uni-hamburg.de\/bergedorf\/index.php?rest_route=\/wp\/v2\/posts\/14711","targetHints":{"allow":["GET"]}}],"collection":[{"href":"https:\/\/blogs.sub.uni-hamburg.de\/bergedorf\/index.php?rest_route=\/wp\/v2\/posts"}],"about":[{"href":"https:\/\/blogs.sub.uni-hamburg.de\/bergedorf\/index.php?rest_route=\/wp\/v2\/types\/post"}],"author":[{"embeddable":true,"href":"https:\/\/blogs.sub.uni-hamburg.de\/bergedorf\/index.php?rest_route=\/wp\/v2\/users\/4"}],"replies":[{"embeddable":true,"href":"https:\/\/blogs.sub.uni-hamburg.de\/bergedorf\/index.php?rest_route=%2Fwp%2Fv2%2Fcomments&post=14711"}],"version-history":[{"count":17,"href":"https:\/\/blogs.sub.uni-hamburg.de\/bergedorf\/index.php?rest_route=\/wp\/v2\/posts\/14711\/revisions"}],"predecessor-version":[{"id":14990,"href":"https:\/\/blogs.sub.uni-hamburg.de\/bergedorf\/index.php?rest_route=\/wp\/v2\/posts\/14711\/revisions\/14990"}],"wp:attachment":[{"href":"https:\/\/blogs.sub.uni-hamburg.de\/bergedorf\/index.php?rest_route=%2Fwp%2Fv2%2Fmedia&parent=14711"}],"wp:term":[{"taxonomy":"category","embeddable":true,"href":"https:\/\/blogs.sub.uni-hamburg.de\/bergedorf\/index.php?rest_route=%2Fwp%2Fv2%2Fcategories&post=14711"},{"taxonomy":"post_tag","embeddable":true,"href":"https:\/\/blogs.sub.uni-hamburg.de\/bergedorf\/index.php?rest_route=%2Fwp%2Fv2%2Ftags&post=14711"}],"curies":[{"name":"wp","href":"https:\/\/api.w.org\/{rel}","templated":true}]}}