{"id":1471,"date":"2015-01-12T07:00:33","date_gmt":"2015-01-12T06:00:33","guid":{"rendered":"http:\/\/blogs.sub.uni-hamburg.de\/bergedorf\/?p=1471"},"modified":"2015-01-13T14:00:06","modified_gmt":"2015-01-13T13:00:06","slug":"nr-3-15-sie-koennen-auch-nicht-mehr-und-moechten-frieden-2","status":"publish","type":"post","link":"https:\/\/blogs.sub.uni-hamburg.de\/bergedorf\/?p=1471","title":{"rendered":"\u201eSie k\u00f6nnen auch nicht mehr und m\u00f6chten Frieden.\u201c"},"content":{"rendered":"<div id=\"attachment_1472\" style=\"width: 63px\" class=\"wp-caption alignright\"><a href=\"https:\/\/blogs.sub.uni-hamburg.de\/bergedorf\/wp-content\/uploads\/2014\/12\/BZ150004-Weihnfriede.jpg\"><img loading=\"lazy\" decoding=\"async\" aria-describedby=\"caption-attachment-1472\" class=\" wp-image-1472\" src=\"https:\/\/blogs.sub.uni-hamburg.de\/bergedorf\/wp-content\/uploads\/2014\/12\/BZ150004-Weihnfriede-39x300.jpg\" alt=\"Bergedorfer Zeitung, 6. Januar 1915\" width=\"53\" height=\"408\" srcset=\"https:\/\/blogs.sub.uni-hamburg.de\/bergedorf\/wp-content\/uploads\/2014\/12\/BZ150004-Weihnfriede-39x300.jpg 39w, https:\/\/blogs.sub.uni-hamburg.de\/bergedorf\/wp-content\/uploads\/2014\/12\/BZ150004-Weihnfriede-133x1024.jpg 133w, https:\/\/blogs.sub.uni-hamburg.de\/bergedorf\/wp-content\/uploads\/2014\/12\/BZ150004-Weihnfriede.jpg 971w\" sizes=\"auto, (max-width: 53px) 100vw, 53px\" \/><\/a><p id=\"caption-attachment-1472\" class=\"wp-caption-text\">Bergedorfer Zeitung, 6. Januar 1915<\/p><\/div>\n<p>Von den hier wiedergegebenen drei an den Weihnachtstagen geschriebenen Feldbriefen befasst sich der erste nur kurz mit dem Weihnachtsfest. Der als \u201eSander Mitk\u00e4mpfer\u201c bezeichnete Verfasser schildert einige seiner bisherigen Kriegserlebnisse an der Westfront und auch die hoffnungslose Lage der hungernden Zivilbev\u00f6lkerung im besetzten Frankreich, deren einziger Trost die (angebliche) Versorgung aus der deutschen Feldk\u00fcche war. Der Soldat selbst scheint Weihnachten aber nicht in Frankreich gewesen zu sein, denn er differenziert zwischen \u201ehier\u201c, der Heimat und dem Schlachtfeld \u2013 wahrscheinlich wurde der Brief in der Etappe und\/oder einem Lazarett geschrieben.<\/p>\n<p>In den anderen beiden Briefen wird der \u201eWeihnachtsfrieden\u201c geschildert, d.h. der inoffizielle Waffenstillstand an weiten Abschnitten der Westfront. \u201eSie (die Franzosen) k\u00f6nnen auch nicht mehr und m\u00f6chten Frieden\u201c, hei\u00dft es am Ende des zweiten Briefes: demnach sind beide Seiten kriegsm\u00fcde, aber die Deutschen m\u00f6chten offenbar keinen Frieden.\u00a0 Eine aktuelle und differenzierte Darstellung zum Weihnachtsfrieden liefert die <a title=\"Frankfurter Allgemeine\" href=\"http:\/\/www.faz.net\/aktuell\/sport\/fussball\/kriegsspiel-fussball-an-weihnachten-1914-13339150-p2.html?printPagedArticle=true#pageIndex_2\">Frankfurter Allgemeine<\/a>; einige historische Fotografien findet man in einem Magazin-Beitrag der <a title=\"BBC\" href=\"http:\/\/www.bbc.com\/news\/magazine-30417641\">BBC<\/a>.<\/p>\n<p>Auch bei Wikipedia findet man eine ausf\u00fchrliche Darstellung zum <a title=\"Weihnachtsfrieden\" href=\"http:\/\/de.wikipedia.org\/wiki\/Weihnachtsfrieden_%28Erster_Weltkrieg%29\">Weihnachtsfrieden<\/a>; diese ist allerdings in mindestens einem Punkt korrekturbed\u00fcrftig: die Aussage, dass der Weihnachtsfrieden \u201ein der deutschen Presse \u2026 niemals erw\u00e4hnt\u201c wurde, wird durch die in der Bergedorfer Zeitung abgedruckten Briefe widerlegt.<\/p>\n","protected":false},"excerpt":{"rendered":"<p>Von den hier wiedergegebenen drei an den Weihnachtstagen geschriebenen Feldbriefen befasst sich der erste nur kurz mit dem Weihnachtsfest. Der als \u201eSander Mitk\u00e4mpfer\u201c bezeichnete Verfasser schildert einige seiner bisherigen Kriegserlebnisse an der Westfront und auch die hoffnungslose Lage der hungernden &hellip; <a href=\"https:\/\/blogs.sub.uni-hamburg.de\/bergedorf\/?p=1471\">Weiterlesen <span class=\"meta-nav\">&rarr;<\/span><\/a><\/p>\n","protected":false},"author":4,"featured_media":0,"comment_status":"open","ping_status":"open","sticky":false,"template":"","format":"standard","meta":{"_jetpack_memberships_contains_paid_content":false,"footnotes":"","jetpack_publicize_message":"","jetpack_publicize_feature_enabled":true,"jetpack_social_post_already_shared":false,"jetpack_social_options":{"image_generator_settings":{"template":"highway","default_image_id":0,"font":"","enabled":false},"version":2}},"categories":[6],"tags":[],"class_list":["post-1471","post","type-post","status-publish","format-standard","hentry","category-bergedorf1915"],"jetpack_publicize_connections":[],"jetpack_featured_media_url":"","jetpack_sharing_enabled":true,"_links":{"self":[{"href":"https:\/\/blogs.sub.uni-hamburg.de\/bergedorf\/index.php?rest_route=\/wp\/v2\/posts\/1471","targetHints":{"allow":["GET"]}}],"collection":[{"href":"https:\/\/blogs.sub.uni-hamburg.de\/bergedorf\/index.php?rest_route=\/wp\/v2\/posts"}],"about":[{"href":"https:\/\/blogs.sub.uni-hamburg.de\/bergedorf\/index.php?rest_route=\/wp\/v2\/types\/post"}],"author":[{"embeddable":true,"href":"https:\/\/blogs.sub.uni-hamburg.de\/bergedorf\/index.php?rest_route=\/wp\/v2\/users\/4"}],"replies":[{"embeddable":true,"href":"https:\/\/blogs.sub.uni-hamburg.de\/bergedorf\/index.php?rest_route=%2Fwp%2Fv2%2Fcomments&post=1471"}],"version-history":[{"count":7,"href":"https:\/\/blogs.sub.uni-hamburg.de\/bergedorf\/index.php?rest_route=\/wp\/v2\/posts\/1471\/revisions"}],"predecessor-version":[{"id":1586,"href":"https:\/\/blogs.sub.uni-hamburg.de\/bergedorf\/index.php?rest_route=\/wp\/v2\/posts\/1471\/revisions\/1586"}],"wp:attachment":[{"href":"https:\/\/blogs.sub.uni-hamburg.de\/bergedorf\/index.php?rest_route=%2Fwp%2Fv2%2Fmedia&parent=1471"}],"wp:term":[{"taxonomy":"category","embeddable":true,"href":"https:\/\/blogs.sub.uni-hamburg.de\/bergedorf\/index.php?rest_route=%2Fwp%2Fv2%2Fcategories&post=1471"},{"taxonomy":"post_tag","embeddable":true,"href":"https:\/\/blogs.sub.uni-hamburg.de\/bergedorf\/index.php?rest_route=%2Fwp%2Fv2%2Ftags&post=1471"}],"curies":[{"name":"wp","href":"https:\/\/api.w.org\/{rel}","templated":true}]}}