{"id":1429,"date":"2015-01-05T07:00:03","date_gmt":"2015-01-05T06:00:03","guid":{"rendered":"http:\/\/blogs.sub.uni-hamburg.de\/bergedorf\/?p=1429"},"modified":"2015-01-05T11:38:36","modified_gmt":"2015-01-05T10:38:36","slug":"nr-1-15-der-rueckblick-auf-das-jahr-1914-bergedorf","status":"publish","type":"post","link":"https:\/\/blogs.sub.uni-hamburg.de\/bergedorf\/?p=1429","title":{"rendered":"Der R\u00fcckblick auf das Jahr 1914: Bergedorf"},"content":{"rendered":"<div id=\"attachment_1430\" style=\"width: 213px\" class=\"wp-caption alignright\"><a href=\"https:\/\/blogs.sub.uni-hamburg.de\/bergedorf\/wp-content\/uploads\/2014\/12\/BZ150002_vereint.jpg\"><img loading=\"lazy\" decoding=\"async\" aria-describedby=\"caption-attachment-1430\" class=\"wp-image-1430 \" src=\"https:\/\/blogs.sub.uni-hamburg.de\/bergedorf\/wp-content\/uploads\/2014\/12\/BZ150002_vereint-192x1024.jpg\" alt=\"Bergedorfer Zeitung, 1. Januar 1915\" width=\"203\" height=\"1083\" srcset=\"https:\/\/blogs.sub.uni-hamburg.de\/bergedorf\/wp-content\/uploads\/2014\/12\/BZ150002_vereint-192x1024.jpg 192w, https:\/\/blogs.sub.uni-hamburg.de\/bergedorf\/wp-content\/uploads\/2014\/12\/BZ150002_vereint-56x300.jpg 56w\" sizes=\"auto, (max-width: 203px) 100vw, 203px\" \/><\/a><p id=\"caption-attachment-1430\" class=\"wp-caption-text\">Bergedorfer Zeitung, 1. Januar 1915<\/p><\/div>\n<p>F\u00fcr regelm\u00e4\u00dfige Leser des Bergedorf-Blogs bietet der Jahresr\u00fcckblick des f\u00fcr die lokale Berichterstattung der Bergedorfer Zeitung verantwortlichen Redakteurs Georg Deck kaum Neues, aber er liefert dem Neueinsteiger in den Blog eine gute Zusammenfassung der Stadtentwicklung. In den 137 Textzeilen taucht neunmal das Wort \u201eKrieg\u201c allein oder in Zusammensetzungen auf, aber fast immer nur als Begr\u00fcndung f\u00fcr Entwicklungshemmnisse struktureller Art \u2013 Menschen spielen kaum eine Rolle, da ja durch die \u201eau\u00dferordentlich umfangreiche und musterhafte\u201c Kriegshilfe \u201eein wirklicher Notstand kaum irgendwo eingetreten ist\u201c. Kriegsopfer finden keine Erw\u00e4hnung, wohl aber die Einf\u00fchrung der t\u00e4glichen Verzinsung auf h\u00f6herem Zinsfu\u00df bei der st\u00e4dtischen Sparkasse, was die Sparer sicher erfreute, sofern sie ihr Geld nicht in die noch h\u00f6her verzinsten Kriegsanleihen steckten.<\/p>\n<p>Am Ende des Artikels wird kurz das Ergebnis der B\u00fcrgervertreterwahl vom 25. Februar 1914 in Erinnerung gerufen; die d\u00fcrren Worte lassen aber nicht erahnen, wie umstritten diese Wahl war: nachdem bei der Wahl 1910 die Sozialdemokraten drei der f\u00fcnf zu vergebenden Mandate errungen hatten, gelang es 1912 und 1914 dem B\u00fcrgerverein, dem Grundeigent\u00fcmerverein und dem Liberalen Verein, sich auf f\u00fcnf gemeinsame Kandidaten f\u00fcr die f\u00fcnf zu vergebenden Sitze zu einigen \u2013 und siehe da: alle f\u00fcnf wurden gew\u00e4hlt. Angesichts der Ausgestaltung des Wahlrechts war dies wenig \u00fcberraschend, wie bei <a title=\"Uwe Plog\" href=\"http:\/\/agora.sub.uni-hamburg.de\/subhh\/digbib\/view?did=c1:11734&amp;sdid=c1:11750\">Uwe Plog<\/a> nachzulesen ist: wer das Wahlrecht erhalten wollte, musste m\u00e4nnlich sein und ein Einkommen von mindestens 1.400 Mark versteuern (Zensuswahlrecht). So hatten 1914 nur etwa 2.600 von knapp 16.000 Einwohnern das Wahlrecht (16%). Zum Vergleich: bei der ersten B\u00fcrgervertreterwahl nach Ende der beiderst\u00e4dtischen Zeit 1874 waren ca. 750 von ca. 3.800 Einwohnern wahlberechtigt, d.h. knapp 20% (Zensus: 400 Mark). Bei der ersten wirklich demokratischen B\u00fcrgervertreterwahl nach Ende des Kaiserreichs 1919 hatten ca. 10.400 von ca. 17.000 Einwohnern das Wahlrecht, also gut 61% (allgemeine und gleiche Wahl).<\/p>\n<p>Direkt unter diesem Jahresr\u00fcckblick die \u00dcberschrift \u201eAus der 113. Verlustliste\u201c; genannt diesmal ein Soldat aus Ochsenw\u00e4rder (leicht verwundet), einer aus Sande (bisher vermisst, im Lazarett), aus Geesthacht ein Soldat \u201enicht gefallen, sondern verwundet\u201c, ein weiterer \u201ebisher vermi\u00dft, zur Truppe zur\u00fcck\u201c. Verglichen mit anderen Tagen war dies erfreulich.<\/p>\n","protected":false},"excerpt":{"rendered":"<p>F\u00fcr regelm\u00e4\u00dfige Leser des Bergedorf-Blogs bietet der Jahresr\u00fcckblick des f\u00fcr die lokale Berichterstattung der Bergedorfer Zeitung verantwortlichen Redakteurs Georg Deck kaum Neues, aber er liefert dem Neueinsteiger in den Blog eine gute Zusammenfassung der Stadtentwicklung. In den 137 Textzeilen taucht &hellip; <a href=\"https:\/\/blogs.sub.uni-hamburg.de\/bergedorf\/?p=1429\">Weiterlesen <span class=\"meta-nav\">&rarr;<\/span><\/a><\/p>\n","protected":false},"author":4,"featured_media":0,"comment_status":"open","ping_status":"open","sticky":false,"template":"","format":"standard","meta":{"_jetpack_memberships_contains_paid_content":false,"footnotes":"","jetpack_publicize_message":"","jetpack_publicize_feature_enabled":true,"jetpack_social_post_already_shared":false,"jetpack_social_options":{"image_generator_settings":{"template":"highway","default_image_id":0,"font":"","enabled":false},"version":2}},"categories":[6],"tags":[],"class_list":["post-1429","post","type-post","status-publish","format-standard","hentry","category-bergedorf1915"],"jetpack_publicize_connections":[],"jetpack_featured_media_url":"","jetpack_sharing_enabled":true,"_links":{"self":[{"href":"https:\/\/blogs.sub.uni-hamburg.de\/bergedorf\/index.php?rest_route=\/wp\/v2\/posts\/1429","targetHints":{"allow":["GET"]}}],"collection":[{"href":"https:\/\/blogs.sub.uni-hamburg.de\/bergedorf\/index.php?rest_route=\/wp\/v2\/posts"}],"about":[{"href":"https:\/\/blogs.sub.uni-hamburg.de\/bergedorf\/index.php?rest_route=\/wp\/v2\/types\/post"}],"author":[{"embeddable":true,"href":"https:\/\/blogs.sub.uni-hamburg.de\/bergedorf\/index.php?rest_route=\/wp\/v2\/users\/4"}],"replies":[{"embeddable":true,"href":"https:\/\/blogs.sub.uni-hamburg.de\/bergedorf\/index.php?rest_route=%2Fwp%2Fv2%2Fcomments&post=1429"}],"version-history":[{"count":10,"href":"https:\/\/blogs.sub.uni-hamburg.de\/bergedorf\/index.php?rest_route=\/wp\/v2\/posts\/1429\/revisions"}],"predecessor-version":[{"id":1562,"href":"https:\/\/blogs.sub.uni-hamburg.de\/bergedorf\/index.php?rest_route=\/wp\/v2\/posts\/1429\/revisions\/1562"}],"wp:attachment":[{"href":"https:\/\/blogs.sub.uni-hamburg.de\/bergedorf\/index.php?rest_route=%2Fwp%2Fv2%2Fmedia&parent=1429"}],"wp:term":[{"taxonomy":"category","embeddable":true,"href":"https:\/\/blogs.sub.uni-hamburg.de\/bergedorf\/index.php?rest_route=%2Fwp%2Fv2%2Fcategories&post=1429"},{"taxonomy":"post_tag","embeddable":true,"href":"https:\/\/blogs.sub.uni-hamburg.de\/bergedorf\/index.php?rest_route=%2Fwp%2Fv2%2Ftags&post=1429"}],"curies":[{"name":"wp","href":"https:\/\/api.w.org\/{rel}","templated":true}]}}