{"id":13271,"date":"2023-11-20T07:00:33","date_gmt":"2023-11-20T06:00:33","guid":{"rendered":"https:\/\/blogs.sub.uni-hamburg.de\/bergedorf\/?p=13271"},"modified":"2023-11-18T15:45:22","modified_gmt":"2023-11-18T14:45:22","slug":"nr-47a-23-der-lateinische-bauer","status":"publish","type":"post","link":"https:\/\/blogs.sub.uni-hamburg.de\/bergedorf\/?p=13271","title":{"rendered":"Der lateinische Bauer"},"content":{"rendered":"<div id=\"attachment_13275\" style=\"width: 280px\" class=\"wp-caption alignright\"><a href=\"https:\/\/blogs.sub.uni-hamburg.de\/bergedorf\/wp-content\/uploads\/2023\/11\/231116-3-lat.-Bauer.jpg\"><img loading=\"lazy\" decoding=\"async\" aria-describedby=\"caption-attachment-13275\" class=\"wp-image-13275\" src=\"https:\/\/blogs.sub.uni-hamburg.de\/bergedorf\/wp-content\/uploads\/2023\/11\/231116-3-lat.-Bauer-300x219.jpg\" alt=\"\" width=\"270\" height=\"198\" srcset=\"https:\/\/blogs.sub.uni-hamburg.de\/bergedorf\/wp-content\/uploads\/2023\/11\/231116-3-lat.-Bauer-300x219.jpg 300w, https:\/\/blogs.sub.uni-hamburg.de\/bergedorf\/wp-content\/uploads\/2023\/11\/231116-3-lat.-Bauer-768x562.jpg 768w, https:\/\/blogs.sub.uni-hamburg.de\/bergedorf\/wp-content\/uploads\/2023\/11\/231116-3-lat.-Bauer.jpg 868w\" sizes=\"auto, (max-width: 270px) 100vw, 270px\" \/><\/a><p id=\"caption-attachment-13275\" class=\"wp-caption-text\">Bergedorfer Zeitung, 16. November 1923<\/p><\/div>\n<p>Ein \u201efesselnder neuer Roman\u201c, Ort der Handlung die \u201ehiesige Gegend\u201c, ein \u201egehaltvolles Werk\u201c des \u201etiefsch\u00fcrfenden Heimatschriftstellers\u201c Johann Br\u00fcdt \u2013 die BZ war \u00fcberzeugt, dass der Abdruck \u201edas lebhafteste Interesse unserer Leserschaft\u201c hervorrufen w\u00fcrde.<\/p>\n<p>In der Bergedorfer Zeitung war Br\u00fcdt, im Hauptberuf Rektor der M\u00e4dchenschule in Sande, bisher durch seine Gedichte in Erscheinung getreten; sein Roman Karsten Holm war von der BZ positiv rezensiert worden (siehe den Beitrag <a href=\"https:\/\/blogs.sub.uni-hamburg.de\/bergedorf\/?p=4567\">Zweimal \u201eLiterarisches\u201c<\/a>), und nun sollte, so die Ank\u00fcndigung, Br\u00fcdts neuer Roman folgen.<\/p>\n<p>Allerdings lie\u00df sich wohl kein Verlag finden, der den Roman als eigenst\u00e4ndiges Buch ver\u00f6ffentlichen wollte \u2013 jedenfalls ist unter diesem Titel keine Publikation Br\u00fcdts im <a href=\"https:\/\/kxp.k10plus.de\/DB=2.1\/\">Gemeinsamen Verbundkatalog<\/a> von \u00fcber 1.000 Bibliotheken zu finden.<\/p>\n<p>Der Titel war aber zum Zeitpunkt der Br\u00fcdtschen Ver\u00f6ffentlichung 1923 schon lange belegt: ob <a href=\"https:\/\/kxp.k10plus.de\/DB=2.1\/PPNSET?PPN=133938085\">Maximilian Schmidt<\/a> (1832-1919) der Sch\u00f6pfer war oder <a href=\"https:\/\/kalliope-verbund.info\/de\/ead?ead.id=DE-2498-HS00600392\">Berthold Auerbach<\/a> (1812-1882), lie\u00df sich nicht kl\u00e4ren. Im sp\u00e4ten 19. Jahrhundert fanden <a href=\"https:\/\/www.deutschestextarchiv.de\/book\/view\/bruemmer_lexikon08_1913\/?hl=Wohlgemuth&amp;p=16\">Anna Wohlgemuth<\/a> und <a href=\"https:\/\/www.projekt-gutenberg.org\/pichler\/latbauer\/latbauer.html\">Adolf Pichler<\/a> keinen sch\u00f6neren Titel. Das Sujet reichte auch nach dem Zweiten Weltkrieg f\u00fcr weitere Sch\u00f6pfungen von <a href=\"https:\/\/oe1.orf.at\/hoerspiel\/suche\/411\">Siegmund Guggenberger<\/a> und <a href=\"https:\/\/www.zvab.com\/buch-suchen\/autor\/weingartner-josef?cm_sp=det-_-srp-_-author\">Josef Weingartner<\/a>. W\u00e4hrend all diese dem s\u00fcddeutschen bzw. \u00f6sterreichischem Sprachraum zuzurechnen sind, ist Br\u00fcdt der einzige norddeutsche Verfasser eines lateinischen Bauern.<\/p>\n<p>Wie viele BZ-Leser bis zur letzten der f\u00fcnfzig Folgen am 21. Januar 1924 durchhielten, ist nicht bekannt.<\/p>\n<p>Noch ein Hinweis f\u00fcr alle, die das Werk lesen wollen: die erste Folge findet man nicht in der digitalen Ausgabe vom 17. November, sondern f\u00e4lschlicherweise in der <a href=\"https:\/\/www.deutsche-digitale-bibliothek.de\/newspaper\/item\/WNEN6LSEUIJEL7OWQTFDZMMZQSX2TS3B?issuepage=5\">BZ vom 16. November 1923, Seite 5<\/a>, die auf den 17. November datiert ist. Vermutlich ist der Sortierfehler aus der gebundenen Papierausgabe \u00fcbernommen.<\/p>\n","protected":false},"excerpt":{"rendered":"<p>Ein \u201efesselnder neuer Roman\u201c, Ort der Handlung die \u201ehiesige Gegend\u201c, ein \u201egehaltvolles Werk\u201c des \u201etiefsch\u00fcrfenden Heimatschriftstellers\u201c Johann Br\u00fcdt \u2013 die BZ war \u00fcberzeugt, dass der Abdruck \u201edas lebhafteste Interesse unserer Leserschaft\u201c hervorrufen w\u00fcrde. In der Bergedorfer Zeitung war Br\u00fcdt, im &hellip; <a href=\"https:\/\/blogs.sub.uni-hamburg.de\/bergedorf\/?p=13271\">Weiterlesen <span class=\"meta-nav\">&rarr;<\/span><\/a><\/p>\n","protected":false},"author":4,"featured_media":0,"comment_status":"open","ping_status":"open","sticky":false,"template":"","format":"standard","meta":{"_jetpack_memberships_contains_paid_content":false,"footnotes":"","jetpack_publicize_message":"","jetpack_publicize_feature_enabled":true,"jetpack_social_post_already_shared":false,"jetpack_social_options":{"image_generator_settings":{"template":"highway","default_image_id":0,"font":"","enabled":false},"version":2}},"categories":[14],"tags":[],"class_list":["post-13271","post","type-post","status-publish","format-standard","hentry","category-bergedorf1923"],"jetpack_publicize_connections":[],"jetpack_featured_media_url":"","jetpack_sharing_enabled":true,"_links":{"self":[{"href":"https:\/\/blogs.sub.uni-hamburg.de\/bergedorf\/index.php?rest_route=\/wp\/v2\/posts\/13271","targetHints":{"allow":["GET"]}}],"collection":[{"href":"https:\/\/blogs.sub.uni-hamburg.de\/bergedorf\/index.php?rest_route=\/wp\/v2\/posts"}],"about":[{"href":"https:\/\/blogs.sub.uni-hamburg.de\/bergedorf\/index.php?rest_route=\/wp\/v2\/types\/post"}],"author":[{"embeddable":true,"href":"https:\/\/blogs.sub.uni-hamburg.de\/bergedorf\/index.php?rest_route=\/wp\/v2\/users\/4"}],"replies":[{"embeddable":true,"href":"https:\/\/blogs.sub.uni-hamburg.de\/bergedorf\/index.php?rest_route=%2Fwp%2Fv2%2Fcomments&post=13271"}],"version-history":[{"count":10,"href":"https:\/\/blogs.sub.uni-hamburg.de\/bergedorf\/index.php?rest_route=\/wp\/v2\/posts\/13271\/revisions"}],"predecessor-version":[{"id":13470,"href":"https:\/\/blogs.sub.uni-hamburg.de\/bergedorf\/index.php?rest_route=\/wp\/v2\/posts\/13271\/revisions\/13470"}],"wp:attachment":[{"href":"https:\/\/blogs.sub.uni-hamburg.de\/bergedorf\/index.php?rest_route=%2Fwp%2Fv2%2Fmedia&parent=13271"}],"wp:term":[{"taxonomy":"category","embeddable":true,"href":"https:\/\/blogs.sub.uni-hamburg.de\/bergedorf\/index.php?rest_route=%2Fwp%2Fv2%2Fcategories&post=13271"},{"taxonomy":"post_tag","embeddable":true,"href":"https:\/\/blogs.sub.uni-hamburg.de\/bergedorf\/index.php?rest_route=%2Fwp%2Fv2%2Ftags&post=13271"}],"curies":[{"name":"wp","href":"https:\/\/api.w.org\/{rel}","templated":true}]}}