{"id":13162,"date":"2023-10-23T07:00:20","date_gmt":"2023-10-23T05:00:20","guid":{"rendered":"https:\/\/blogs.sub.uni-hamburg.de\/bergedorf\/?p=13162"},"modified":"2023-10-21T15:33:43","modified_gmt":"2023-10-21T13:33:43","slug":"nr-43a-23-der-zu-fruehe-ladenschluss","status":"publish","type":"post","link":"https:\/\/blogs.sub.uni-hamburg.de\/bergedorf\/?p=13162","title":{"rendered":"Der (zu) fr\u00fche Ladenschluss"},"content":{"rendered":"<div id=\"attachment_13165\" style=\"width: 280px\" class=\"wp-caption alignleft\"><a href=\"https:\/\/blogs.sub.uni-hamburg.de\/bergedorf\/wp-content\/uploads\/2023\/10\/231013-4-Kolonialw.jpg\"><img loading=\"lazy\" decoding=\"async\" aria-describedby=\"caption-attachment-13165\" class=\"wp-image-13165\" src=\"https:\/\/blogs.sub.uni-hamburg.de\/bergedorf\/wp-content\/uploads\/2023\/10\/231013-4-Kolonialw.jpg\" alt=\"\" width=\"270\" height=\"95\" \/><\/a><p id=\"caption-attachment-13165\" class=\"wp-caption-text\">Bergedorfer Zeitung, 13. Oktober 1923<\/p><\/div>\n<div id=\"attachment_13167\" style=\"width: 280px\" class=\"wp-caption alignright\"><a href=\"https:\/\/blogs.sub.uni-hamburg.de\/bergedorf\/wp-content\/uploads\/2023\/10\/231013-4-Ladeninh.jpg\"><img loading=\"lazy\" decoding=\"async\" aria-describedby=\"caption-attachment-13167\" class=\"wp-image-13167\" src=\"https:\/\/blogs.sub.uni-hamburg.de\/bergedorf\/wp-content\/uploads\/2023\/10\/231013-4-Ladeninh-300x237.jpg\" alt=\"\" width=\"270\" height=\"214\" srcset=\"https:\/\/blogs.sub.uni-hamburg.de\/bergedorf\/wp-content\/uploads\/2023\/10\/231013-4-Ladeninh-300x237.jpg 300w, https:\/\/blogs.sub.uni-hamburg.de\/bergedorf\/wp-content\/uploads\/2023\/10\/231013-4-Ladeninh.jpg 703w\" sizes=\"auto, (max-width: 270px) 100vw, 270px\" \/><\/a><p id=\"caption-attachment-13167\" class=\"wp-caption-text\">Bergedorfer Zeitung, 13. Oktober 1923<\/p><\/div>\n<p>Im Ton unterschiedlich \u2013 in der Sache einig: die Gesch\u00e4ftsinhaber von Bergedorf und Sande reduzierten die \u00d6ffnungszeiten ihrer L\u00e4den. W\u00e4hrend die Kolonial- und Fettwarenh\u00e4ndler ihre Anzeige schmucklos auf die Angabe der neuen Zeiten beschr\u00e4nkten, nannte der Verein der Ladeninhaber \u201ewirtschaftliche Gr\u00fcnde\u201c f\u00fcr die Ma\u00dfnahme, die die BZ im redaktionellen Teil wiedergab, n\u00e4mlich die \u201ehohen Preise f\u00fcr Beleuchtung und Heizung\u201c. Die \u201eLadeninhaber\u201c warben also um Verst\u00e4ndnis und auch Unterst\u00fctzung \u2013 letzteres kann man nur als den Appell verstehen, nach 17 Uhr keine Eink\u00e4ufe in Gesch\u00e4ften zu t\u00e4tigen, die sich nicht an die Empfehlung des Vereins hielten.<\/p>\n<div id=\"attachment_13168\" style=\"width: 280px\" class=\"wp-caption alignright\"><a href=\"https:\/\/blogs.sub.uni-hamburg.de\/bergedorf\/wp-content\/uploads\/2023\/10\/231019-5-Sprech-Ladenschluss.jpg\"><img loading=\"lazy\" decoding=\"async\" aria-describedby=\"caption-attachment-13168\" class=\"wp-image-13168\" src=\"https:\/\/blogs.sub.uni-hamburg.de\/bergedorf\/wp-content\/uploads\/2023\/10\/231019-5-Sprech-Ladenschluss-300x230.jpg\" alt=\"\" width=\"270\" height=\"207\" srcset=\"https:\/\/blogs.sub.uni-hamburg.de\/bergedorf\/wp-content\/uploads\/2023\/10\/231019-5-Sprech-Ladenschluss-300x230.jpg 300w, https:\/\/blogs.sub.uni-hamburg.de\/bergedorf\/wp-content\/uploads\/2023\/10\/231019-5-Sprech-Ladenschluss-768x589.jpg 768w, https:\/\/blogs.sub.uni-hamburg.de\/bergedorf\/wp-content\/uploads\/2023\/10\/231019-5-Sprech-Ladenschluss.jpg 873w\" sizes=\"auto, (max-width: 270px) 100vw, 270px\" \/><\/a><p id=\"caption-attachment-13168\" class=\"wp-caption-text\">Bergedorfer Zeitung, 19. Oktober 1923<\/p><\/div>\n<p>Man kann die Einzelh\u00e4ndler ja durchaus verstehen \u2013 aber der vorverlegte Ladenschluss stellte manche Bergedorferinnen, die die Familieneink\u00e4ufe t\u00e4tigen sollten, vor Probleme: wenn ein Arbeiter erst um bzw. nach 16 Uhr seinen Lohn erhielt, blieben nur wenige Minuten f\u00fcr den Einkauf, und in dieser knappen Zeit herrschte in den Gesch\u00e4ften reger Publikumsverkehr. Doch zu dem Gedr\u00e4nge an den Ladentheken gab es keine Alternative, da das knappe Geld \u00fcber Nacht an Kaufkraft einb\u00fc\u00dfte. Ob die Kaufleute auf das von einer Kriegshinterbliebenen hier geschilderte Problem eingingen, war der BZ nicht zu entnehmen.<\/p>\n<p>&nbsp;<\/p>\n","protected":false},"excerpt":{"rendered":"<p>Im Ton unterschiedlich \u2013 in der Sache einig: die Gesch\u00e4ftsinhaber von Bergedorf und Sande reduzierten die \u00d6ffnungszeiten ihrer L\u00e4den. W\u00e4hrend die Kolonial- und Fettwarenh\u00e4ndler ihre Anzeige schmucklos auf die Angabe der neuen Zeiten beschr\u00e4nkten, nannte der Verein der Ladeninhaber \u201ewirtschaftliche &hellip; <a href=\"https:\/\/blogs.sub.uni-hamburg.de\/bergedorf\/?p=13162\">Weiterlesen <span class=\"meta-nav\">&rarr;<\/span><\/a><\/p>\n","protected":false},"author":4,"featured_media":0,"comment_status":"open","ping_status":"open","sticky":false,"template":"","format":"standard","meta":{"_jetpack_memberships_contains_paid_content":false,"footnotes":"","jetpack_publicize_message":"","jetpack_publicize_feature_enabled":true,"jetpack_social_post_already_shared":false,"jetpack_social_options":{"image_generator_settings":{"template":"highway","default_image_id":0,"font":"","enabled":false},"version":2}},"categories":[14],"tags":[],"class_list":["post-13162","post","type-post","status-publish","format-standard","hentry","category-bergedorf1923"],"jetpack_publicize_connections":[],"jetpack_featured_media_url":"","jetpack_sharing_enabled":true,"_links":{"self":[{"href":"https:\/\/blogs.sub.uni-hamburg.de\/bergedorf\/index.php?rest_route=\/wp\/v2\/posts\/13162","targetHints":{"allow":["GET"]}}],"collection":[{"href":"https:\/\/blogs.sub.uni-hamburg.de\/bergedorf\/index.php?rest_route=\/wp\/v2\/posts"}],"about":[{"href":"https:\/\/blogs.sub.uni-hamburg.de\/bergedorf\/index.php?rest_route=\/wp\/v2\/types\/post"}],"author":[{"embeddable":true,"href":"https:\/\/blogs.sub.uni-hamburg.de\/bergedorf\/index.php?rest_route=\/wp\/v2\/users\/4"}],"replies":[{"embeddable":true,"href":"https:\/\/blogs.sub.uni-hamburg.de\/bergedorf\/index.php?rest_route=%2Fwp%2Fv2%2Fcomments&post=13162"}],"version-history":[{"count":8,"href":"https:\/\/blogs.sub.uni-hamburg.de\/bergedorf\/index.php?rest_route=\/wp\/v2\/posts\/13162\/revisions"}],"predecessor-version":[{"id":13445,"href":"https:\/\/blogs.sub.uni-hamburg.de\/bergedorf\/index.php?rest_route=\/wp\/v2\/posts\/13162\/revisions\/13445"}],"wp:attachment":[{"href":"https:\/\/blogs.sub.uni-hamburg.de\/bergedorf\/index.php?rest_route=%2Fwp%2Fv2%2Fmedia&parent=13162"}],"wp:term":[{"taxonomy":"category","embeddable":true,"href":"https:\/\/blogs.sub.uni-hamburg.de\/bergedorf\/index.php?rest_route=%2Fwp%2Fv2%2Fcategories&post=13162"},{"taxonomy":"post_tag","embeddable":true,"href":"https:\/\/blogs.sub.uni-hamburg.de\/bergedorf\/index.php?rest_route=%2Fwp%2Fv2%2Ftags&post=13162"}],"curies":[{"name":"wp","href":"https:\/\/api.w.org\/{rel}","templated":true}]}}