{"id":11461,"date":"2022-09-12T07:00:05","date_gmt":"2022-09-12T05:00:05","guid":{"rendered":"https:\/\/blogs.sub.uni-hamburg.de\/bergedorf\/?p=11461"},"modified":"2022-09-10T17:33:34","modified_gmt":"2022-09-10T15:33:34","slug":"nr-40-22-der-kurzlebige-verfassungstaler","status":"publish","type":"post","link":"https:\/\/blogs.sub.uni-hamburg.de\/bergedorf\/?p=11461","title":{"rendered":"Der kurzlebige Verfassungstaler"},"content":{"rendered":"<div id=\"attachment_11466\" style=\"width: 280px\" class=\"wp-caption alignright\"><a href=\"https:\/\/blogs.sub.uni-hamburg.de\/bergedorf\/wp-content\/uploads\/2022\/09\/220906-3-Hartgeld.jpg\"><img loading=\"lazy\" decoding=\"async\" aria-describedby=\"caption-attachment-11466\" class=\"wp-image-11466\" src=\"https:\/\/blogs.sub.uni-hamburg.de\/bergedorf\/wp-content\/uploads\/2022\/09\/220906-3-Hartgeld-300x80.jpg\" alt=\"\" width=\"270\" height=\"72\" srcset=\"https:\/\/blogs.sub.uni-hamburg.de\/bergedorf\/wp-content\/uploads\/2022\/09\/220906-3-Hartgeld-300x80.jpg 300w, https:\/\/blogs.sub.uni-hamburg.de\/bergedorf\/wp-content\/uploads\/2022\/09\/220906-3-Hartgeld-768x206.jpg 768w, https:\/\/blogs.sub.uni-hamburg.de\/bergedorf\/wp-content\/uploads\/2022\/09\/220906-3-Hartgeld.jpg 846w\" sizes=\"auto, (max-width: 270px) 100vw, 270px\" \/><\/a><p id=\"caption-attachment-11466\" class=\"wp-caption-text\">Bergedorfer Zeitung, 6. September 1922<\/p><\/div>\n<p>Endlich sollte er nun gepr\u00e4gt werden: der \u201eVerfassungstaler\u201c im Nennwert von drei Mark zur Erinnerung an den dritten Jahrestag der Weimarer Verfassung \u2013 nur das Material fehlte der Hamburger M\u00fcnzpr\u00e4gest\u00e4tte noch.<\/p>\n<p>&nbsp;<\/p>\n<p>Schlie\u00dflich kam das ben\u00f6tigte Aluminium auch nach Hamburg, denn die hier gezeigte M\u00fcnze (Durchmesser ca. 28 mm) tr\u00e4gt das \u201eJ\u201c, das Zeichen der Hamburger Pr\u00e4gest\u00e4tte:<\/p>\n<p><a href=\"https:\/\/blogs.sub.uni-hamburg.de\/bergedorf\/wp-content\/uploads\/2022\/09\/Verf.taler-1922-verso.jpg\"><img loading=\"lazy\" decoding=\"async\" class=\"alignright wp-image-11469\" src=\"https:\/\/blogs.sub.uni-hamburg.de\/bergedorf\/wp-content\/uploads\/2022\/09\/Verf.taler-1922-verso-293x300.jpg\" alt=\"\" width=\"270\" height=\"276\" srcset=\"https:\/\/blogs.sub.uni-hamburg.de\/bergedorf\/wp-content\/uploads\/2022\/09\/Verf.taler-1922-verso-293x300.jpg 293w, https:\/\/blogs.sub.uni-hamburg.de\/bergedorf\/wp-content\/uploads\/2022\/09\/Verf.taler-1922-verso.jpg 356w\" sizes=\"auto, (max-width: 270px) 100vw, 270px\" \/><\/a><a href=\"https:\/\/blogs.sub.uni-hamburg.de\/bergedorf\/wp-content\/uploads\/2022\/09\/Verf.taler-1922-recto.jpg\"><img loading=\"lazy\" decoding=\"async\" class=\"alignleft wp-image-11470\" src=\"https:\/\/blogs.sub.uni-hamburg.de\/bergedorf\/wp-content\/uploads\/2022\/09\/Verf.taler-1922-recto-290x300.jpg\" alt=\"\" width=\"270\" height=\"280\" srcset=\"https:\/\/blogs.sub.uni-hamburg.de\/bergedorf\/wp-content\/uploads\/2022\/09\/Verf.taler-1922-recto-290x300.jpg 290w, https:\/\/blogs.sub.uni-hamburg.de\/bergedorf\/wp-content\/uploads\/2022\/09\/Verf.taler-1922-recto.jpg 340w\" sizes=\"auto, (max-width: 270px) 100vw, 270px\" \/><\/a><\/p>\n<p>&nbsp;<\/p>\n<p>&nbsp;<\/p>\n<p>&nbsp;<\/p>\n<p>&nbsp;<\/p>\n<p>&nbsp;<\/p>\n<p>&nbsp;<\/p>\n<p>&nbsp;<\/p>\n<p>\u201eM\u00fcnzen erreichen alle Bev\u00f6lkerungsschichten, so lag die Idee nahe, zum neuen Feiertag eine Gedenkm\u00fcnze herauszugeben. Mit der \u201aVerfassungsm\u00fcnze\u2018 von 1922 konnte zugleich ein weiteres Staatssymbol, ein neuer Reichsadler, bekannt gemacht werden\u201c, hei\u00dft es auf einer <a href=\"http:\/\/www.dhm.de\/blog\/2019\/08\/09\/am-11-august-ist-verfassungstag\/\">Blogseite des Deutschen Historischen Museums<\/a>. 60 Millionen St\u00fcck sollten hergestellt werden, d.h. rechnerisch ein \u201eTaler\u201c pro Kopf der Bev\u00f6lkerung \u2013 doch bis zum Verfassungstag waren es nur etwa 1000 (BZ vom 9. und 12. August). Ob die fr\u00fchen Pr\u00e4gungen wirklich in den allgemeinen Umlauf kamen, ist fraglich: angeblich wurden damit die Mitarbeiter der Generalstaatskasse und der M\u00fcnze sowie Ministerien und Beh\u00f6rden bedacht, w\u00e4hrend ein \u201egew\u00f6hnlicher Sterblicher\u201c 500 Prozent Aufgeld zahlen musste (BZ vom 23. August).<\/p>\n<div id=\"attachment_11464\" style=\"width: 280px\" class=\"wp-caption alignright\"><a href=\"https:\/\/blogs.sub.uni-hamburg.de\/bergedorf\/wp-content\/uploads\/2022\/09\/221002-3-Hartgeld-Okt.jpg\"><img loading=\"lazy\" decoding=\"async\" aria-describedby=\"caption-attachment-11464\" class=\"wp-image-11464\" src=\"https:\/\/blogs.sub.uni-hamburg.de\/bergedorf\/wp-content\/uploads\/2022\/09\/221002-3-Hartgeld-Okt-300x111.jpg\" alt=\"\" width=\"270\" height=\"100\" srcset=\"https:\/\/blogs.sub.uni-hamburg.de\/bergedorf\/wp-content\/uploads\/2022\/09\/221002-3-Hartgeld-Okt-300x111.jpg 300w, https:\/\/blogs.sub.uni-hamburg.de\/bergedorf\/wp-content\/uploads\/2022\/09\/221002-3-Hartgeld-Okt-768x285.jpg 768w, https:\/\/blogs.sub.uni-hamburg.de\/bergedorf\/wp-content\/uploads\/2022\/09\/221002-3-Hartgeld-Okt.jpg 861w\" sizes=\"auto, (max-width: 270px) 100vw, 270px\" \/><\/a><p id=\"caption-attachment-11464\" class=\"wp-caption-text\">Bergedorfer Zeitung, 2. Oktober 1922<\/p><\/div>\n<p>Als in Hamburg die Pr\u00e4gung dann richtig in Gang gekommen war, war die Inflation schon weiter: auf die Herstellung der geplanten Ein- und Zweimarkst\u00fccke wurde wegen Kostensteigerungen und \u201eangesichts der gesunkenen Kaufkraft\u201c verzichtet.<\/p>\n<p>Am Jahresende meldete die BZ, dass die Herstellungskosten des Verfassungstalers h\u00f6her lagen als der Nennwert (BZ vom 29. Dezember). Laut <a href=\"http:\/\/www.helmutcaspar.de\/aktuelles17\/muenzmed17\/alu.htm\">Helmut Caspar<\/a> wurde ein Gro\u00dfteil der fertigen M\u00fcnzen nicht mehr ausgegeben, sondern \u201eals Rohstoff betrachtet und wieder der Industrie zugef\u00fchrt.\u201c Zum 30. August 1924, so Helmut Caspar, wurde das Geldst\u00fcck nach kurzem Leben f\u00fcr ung\u00fcltig erkl\u00e4rt.<\/p>\n","protected":false},"excerpt":{"rendered":"<p>Endlich sollte er nun gepr\u00e4gt werden: der \u201eVerfassungstaler\u201c im Nennwert von drei Mark zur Erinnerung an den dritten Jahrestag der Weimarer Verfassung \u2013 nur das Material fehlte der Hamburger M\u00fcnzpr\u00e4gest\u00e4tte noch. &nbsp; Schlie\u00dflich kam das ben\u00f6tigte Aluminium auch nach Hamburg, &hellip; <a href=\"https:\/\/blogs.sub.uni-hamburg.de\/bergedorf\/?p=11461\">Weiterlesen <span class=\"meta-nav\">&rarr;<\/span><\/a><\/p>\n","protected":false},"author":4,"featured_media":0,"comment_status":"open","ping_status":"open","sticky":false,"template":"","format":"standard","meta":{"_jetpack_memberships_contains_paid_content":false,"footnotes":"","jetpack_publicize_message":"","jetpack_publicize_feature_enabled":true,"jetpack_social_post_already_shared":false,"jetpack_social_options":{"image_generator_settings":{"template":"highway","default_image_id":0,"font":"","enabled":false},"version":2}},"categories":[13],"tags":[],"class_list":["post-11461","post","type-post","status-publish","format-standard","hentry","category-beitraege-1922"],"jetpack_publicize_connections":[],"jetpack_featured_media_url":"","jetpack_sharing_enabled":true,"_links":{"self":[{"href":"https:\/\/blogs.sub.uni-hamburg.de\/bergedorf\/index.php?rest_route=\/wp\/v2\/posts\/11461","targetHints":{"allow":["GET"]}}],"collection":[{"href":"https:\/\/blogs.sub.uni-hamburg.de\/bergedorf\/index.php?rest_route=\/wp\/v2\/posts"}],"about":[{"href":"https:\/\/blogs.sub.uni-hamburg.de\/bergedorf\/index.php?rest_route=\/wp\/v2\/types\/post"}],"author":[{"embeddable":true,"href":"https:\/\/blogs.sub.uni-hamburg.de\/bergedorf\/index.php?rest_route=\/wp\/v2\/users\/4"}],"replies":[{"embeddable":true,"href":"https:\/\/blogs.sub.uni-hamburg.de\/bergedorf\/index.php?rest_route=%2Fwp%2Fv2%2Fcomments&post=11461"}],"version-history":[{"count":19,"href":"https:\/\/blogs.sub.uni-hamburg.de\/bergedorf\/index.php?rest_route=\/wp\/v2\/posts\/11461\/revisions"}],"predecessor-version":[{"id":11861,"href":"https:\/\/blogs.sub.uni-hamburg.de\/bergedorf\/index.php?rest_route=\/wp\/v2\/posts\/11461\/revisions\/11861"}],"wp:attachment":[{"href":"https:\/\/blogs.sub.uni-hamburg.de\/bergedorf\/index.php?rest_route=%2Fwp%2Fv2%2Fmedia&parent=11461"}],"wp:term":[{"taxonomy":"category","embeddable":true,"href":"https:\/\/blogs.sub.uni-hamburg.de\/bergedorf\/index.php?rest_route=%2Fwp%2Fv2%2Fcategories&post=11461"},{"taxonomy":"post_tag","embeddable":true,"href":"https:\/\/blogs.sub.uni-hamburg.de\/bergedorf\/index.php?rest_route=%2Fwp%2Fv2%2Ftags&post=11461"}],"curies":[{"name":"wp","href":"https:\/\/api.w.org\/{rel}","templated":true}]}}