{"id":1093,"date":"2014-08-11T07:00:21","date_gmt":"2014-08-11T05:00:21","guid":{"rendered":"http:\/\/blogs.sub.uni-hamburg.de\/bergedorf\/?p=1093"},"modified":"2014-08-11T09:18:51","modified_gmt":"2014-08-11T07:18:51","slug":"nr-12-der-ausbruch-des-krieges-jubel-und-sorgen","status":"publish","type":"post","link":"https:\/\/blogs.sub.uni-hamburg.de\/bergedorf\/?p=1093","title":{"rendered":"Der Ausbruch des Krieges &#8211; Jubel und Sorgen"},"content":{"rendered":"<div id=\"attachment_1108\" style=\"width: 266px\" class=\"wp-caption alignright\"><a href=\"https:\/\/blogs.sub.uni-hamburg.de\/bergedorf\/wp-content\/uploads\/2014\/06\/BZ50014-Kriegsausbruch.jpg\"><img loading=\"lazy\" decoding=\"async\" aria-describedby=\"caption-attachment-1108\" class=\"size-medium wp-image-1108\" src=\"https:\/\/blogs.sub.uni-hamburg.de\/bergedorf\/wp-content\/uploads\/2014\/06\/BZ50014-Kriegsausbruch-256x300.jpg\" alt=\"Bergedorfer Zeitung, 4. August 1914\" width=\"256\" height=\"300\" srcset=\"https:\/\/blogs.sub.uni-hamburg.de\/bergedorf\/wp-content\/uploads\/2014\/06\/BZ50014-Kriegsausbruch-256x300.jpg 256w, https:\/\/blogs.sub.uni-hamburg.de\/bergedorf\/wp-content\/uploads\/2014\/06\/BZ50014-Kriegsausbruch.jpg 698w\" sizes=\"auto, (max-width: 256px) 100vw, 256px\" \/><\/a><p id=\"caption-attachment-1108\" class=\"wp-caption-text\">Bergedorfer Zeitung, 4. August 1914<\/p><\/div>\n<p>Die nebenstehende Schilderung der Stimmung bei Kriegsausbruch l\u00e4sst sich durchaus als Korrektur des Berichts am 2. August lesen, auf wessen Veranlassung hin auch immer: waren zun\u00e4chst\u00a0 \u201eErnst und Ergriffenheit\u201c die geschilderten Emotionen, so wurde daraus binnen k\u00fcrzester Zeit \u201eflammende Begeisterung\u201c, dem Ruf des Kaisers zu folgen, und die Tr\u00e4nen der M\u00fctter und Schwestern von Eingezogenen und Kriegsfreiwilligen w\u00fcrden von den Daheimgebliebenen schon getrocknet werden. Manche Anzeige oder Bekanntmachung in der selben Ausgabe d\u00fcrfte aber wieder zur Ern\u00fcchterung beigetragen haben:<\/p>\n<div id=\"attachment_1118\" style=\"width: 412px\" class=\"wp-caption aligncenter\"><a href=\"https:\/\/blogs.sub.uni-hamburg.de\/bergedorf\/wp-content\/uploads\/2014\/06\/BZ80004-Anzeigen1.jpg\"><img loading=\"lazy\" decoding=\"async\" aria-describedby=\"caption-attachment-1118\" class=\"wp-image-1118 size-large\" src=\"https:\/\/blogs.sub.uni-hamburg.de\/bergedorf\/wp-content\/uploads\/2014\/06\/BZ80004-Anzeigen1-402x1024.jpg\" alt=\"Bergedorfer Zeitung, 4. August 1914\" width=\"402\" height=\"1024\" srcset=\"https:\/\/blogs.sub.uni-hamburg.de\/bergedorf\/wp-content\/uploads\/2014\/06\/BZ80004-Anzeigen1-402x1024.jpg 402w, https:\/\/blogs.sub.uni-hamburg.de\/bergedorf\/wp-content\/uploads\/2014\/06\/BZ80004-Anzeigen1.jpg 840w\" sizes=\"auto, (max-width: 402px) 100vw, 402px\" \/><\/a><p id=\"caption-attachment-1118\" class=\"wp-caption-text\">Bergedorfer Zeitung, 4. August 1914<\/p><\/div>\n<p>Insbesondere der \u201eAufruf\u201c des Bergedorfer B\u00fcrgermeisters Dr. Walli macht die zu erwartenden Probleme deutlich, wie u.a. die Formulierungen \u201eLinderung der allgemeinen Notlage\u201c, \u201ePflege der Kranken und Verwundeten\u201c belegen. Die &#8222;Zentrale Auskunftsstelle f\u00fcr Kriegsf\u00fcrsorge&#8220; in Bergedorf, die in ihrer Anzeige um Spenden warb, sollte letztlich alle st\u00e4dtischen Hilfsaktionen koordinieren.<br \/>\nIn der Sondersitzung von Magistrat und B\u00fcrgervertretung, \u00fcber die mit Datum vom 5. August berichtet wird (siehe den langen Artikel am Ende dieses Beitrags), zeigte sich B\u00fcrgermeister Dr. Walli gut vorbereitet und entschlossen handelnd &#8211; man darf vermuten, dass er auf vorhandene &#8222;Notstandspl\u00e4ne&#8220; zur\u00fcckgreifen konnte.<br \/>\nDie B\u00fcrgervertretung stimmte allen vom Magistrat vorgeschlagenen Ma\u00dfnahmen zu, obwohl diese weitreichend waren: die Einrichtung von zwei \u00f6ffentlichen K\u00fcchen f\u00fcr kostenlose Essensausgabe und einer st\u00e4dtischen Abgabestelle f\u00fcr Lebensmittel an die Soldatenfamilien wurde wohl nur bewilligt, weil Walli betonte, es handle sich nicht um \u201eArmenunterst\u00fctzung\u201c, und die Schaffung eines \u201eArbeitsnachweises\u201c zur Stellenvermittlung an Arbeitslose brach ebenfalls ein Tabu, weil dies einer sozialdemokratischen Forderung entsprach.<br \/>\nHunger, Arbeitslosigkeit, Kohleknappheit, Personalmangel bei der Erledigung der st\u00e4dtischen und der durch den Krieg hinzugekommenen Aufgaben kennzeichneten die Lage auch im viel kleineren Sande, das aber ebenfalls 100.000 Mark \u201ezur Unterst\u00fctzung der Familien der Einberufenen\u201c bereitstellte.<\/p>\n<div id=\"attachment_1129\" style=\"width: 211px\" class=\"wp-caption aligncenter\"><a href=\"https:\/\/blogs.sub.uni-hamburg.de\/bergedorf\/wp-content\/uploads\/2014\/06\/BZ50015-Hilfsaktion.jpg\"><img loading=\"lazy\" decoding=\"async\" aria-describedby=\"caption-attachment-1129\" class=\"wp-image-1129 size-large\" src=\"https:\/\/blogs.sub.uni-hamburg.de\/bergedorf\/wp-content\/uploads\/2014\/06\/BZ50015-Hilfsaktion-201x1024.jpg\" alt=\"Bergedorfer Zeitung, 5. August 1914\" width=\"201\" height=\"1024\" srcset=\"https:\/\/blogs.sub.uni-hamburg.de\/bergedorf\/wp-content\/uploads\/2014\/06\/BZ50015-Hilfsaktion-201x1024.jpg 201w, https:\/\/blogs.sub.uni-hamburg.de\/bergedorf\/wp-content\/uploads\/2014\/06\/BZ50015-Hilfsaktion.jpg 705w\" sizes=\"auto, (max-width: 201px) 100vw, 201px\" \/><\/a><p id=\"caption-attachment-1129\" class=\"wp-caption-text\">Bergedorfer Zeitung, 5. August 1914<\/p><\/div>\n","protected":false},"excerpt":{"rendered":"<p>Die nebenstehende Schilderung der Stimmung bei Kriegsausbruch l\u00e4sst sich durchaus als Korrektur des Berichts am 2. August lesen, auf wessen Veranlassung hin auch immer: waren zun\u00e4chst\u00a0 \u201eErnst und Ergriffenheit\u201c die geschilderten Emotionen, so wurde daraus binnen k\u00fcrzester Zeit \u201eflammende Begeisterung\u201c, &hellip; <a href=\"https:\/\/blogs.sub.uni-hamburg.de\/bergedorf\/?p=1093\">Weiterlesen <span class=\"meta-nav\">&rarr;<\/span><\/a><\/p>\n","protected":false},"author":4,"featured_media":0,"comment_status":"open","ping_status":"open","sticky":false,"template":"","format":"standard","meta":{"_jetpack_memberships_contains_paid_content":false,"footnotes":"","jetpack_publicize_message":"","jetpack_publicize_feature_enabled":true,"jetpack_social_post_already_shared":false,"jetpack_social_options":{"image_generator_settings":{"template":"highway","default_image_id":0,"font":"","enabled":false},"version":2}},"categories":[5],"tags":[],"class_list":["post-1093","post","type-post","status-publish","format-standard","hentry","category-bergedorf1914"],"jetpack_publicize_connections":[],"jetpack_featured_media_url":"","jetpack_sharing_enabled":true,"_links":{"self":[{"href":"https:\/\/blogs.sub.uni-hamburg.de\/bergedorf\/index.php?rest_route=\/wp\/v2\/posts\/1093","targetHints":{"allow":["GET"]}}],"collection":[{"href":"https:\/\/blogs.sub.uni-hamburg.de\/bergedorf\/index.php?rest_route=\/wp\/v2\/posts"}],"about":[{"href":"https:\/\/blogs.sub.uni-hamburg.de\/bergedorf\/index.php?rest_route=\/wp\/v2\/types\/post"}],"author":[{"embeddable":true,"href":"https:\/\/blogs.sub.uni-hamburg.de\/bergedorf\/index.php?rest_route=\/wp\/v2\/users\/4"}],"replies":[{"embeddable":true,"href":"https:\/\/blogs.sub.uni-hamburg.de\/bergedorf\/index.php?rest_route=%2Fwp%2Fv2%2Fcomments&post=1093"}],"version-history":[{"count":8,"href":"https:\/\/blogs.sub.uni-hamburg.de\/bergedorf\/index.php?rest_route=\/wp\/v2\/posts\/1093\/revisions"}],"predecessor-version":[{"id":1166,"href":"https:\/\/blogs.sub.uni-hamburg.de\/bergedorf\/index.php?rest_route=\/wp\/v2\/posts\/1093\/revisions\/1166"}],"wp:attachment":[{"href":"https:\/\/blogs.sub.uni-hamburg.de\/bergedorf\/index.php?rest_route=%2Fwp%2Fv2%2Fmedia&parent=1093"}],"wp:term":[{"taxonomy":"category","embeddable":true,"href":"https:\/\/blogs.sub.uni-hamburg.de\/bergedorf\/index.php?rest_route=%2Fwp%2Fv2%2Fcategories&post=1093"},{"taxonomy":"post_tag","embeddable":true,"href":"https:\/\/blogs.sub.uni-hamburg.de\/bergedorf\/index.php?rest_route=%2Fwp%2Fv2%2Ftags&post=1093"}],"curies":[{"name":"wp","href":"https:\/\/api.w.org\/{rel}","templated":true}]}}