{"id":10319,"date":"2021-11-01T07:00:54","date_gmt":"2021-11-01T06:00:54","guid":{"rendered":"https:\/\/blogs.sub.uni-hamburg.de\/bergedorf\/?p=10319"},"modified":"2021-10-30T17:30:50","modified_gmt":"2021-10-30T15:30:50","slug":"nr-44a-21-burnout-der-gemeindevorsitzenden","status":"publish","type":"post","link":"https:\/\/blogs.sub.uni-hamburg.de\/bergedorf\/?p=10319","title":{"rendered":"Burnout der Gemeindevorsitzenden?"},"content":{"rendered":"<div id=\"attachment_10321\" style=\"width: 280px\" class=\"wp-caption alignright\"><a href=\"https:\/\/blogs.sub.uni-hamburg.de\/bergedorf\/wp-content\/uploads\/2021\/11\/211026-3-Projahn.png\"><img loading=\"lazy\" decoding=\"async\" aria-describedby=\"caption-attachment-10321\" class=\"wp-image-10321\" src=\"https:\/\/blogs.sub.uni-hamburg.de\/bergedorf\/wp-content\/uploads\/2021\/11\/211026-3-Projahn-300x183.png\" alt=\"\" width=\"270\" height=\"165\" srcset=\"https:\/\/blogs.sub.uni-hamburg.de\/bergedorf\/wp-content\/uploads\/2021\/11\/211026-3-Projahn-300x183.png 300w, https:\/\/blogs.sub.uni-hamburg.de\/bergedorf\/wp-content\/uploads\/2021\/11\/211026-3-Projahn.png 428w\" sizes=\"auto, (max-width: 270px) 100vw, 270px\" \/><\/a><p id=\"caption-attachment-10321\" class=\"wp-caption-text\">Bergedorfer Zeitung, 26. Oktober 1921<\/p><\/div>\n<p>Die Dreifachbelastung war offenbar zu hoch f\u00fcr Johannes Projahn: Hauptlehrer der Schule Altengamme-Horst, Gemeindevorsitzender von Altengamme und Abgeordneter (SPD) der Hamburgischen B\u00fcrgerschaft. Er folgte dem \u00e4rztlichen Rat, einen l\u00e4ngeren Urlaub anzutreten und wollte auch den Gemeindevorsitz abgeben, was die Gemeindevertreter aber nicht \u00fcberzeugte: sie lehnten das R\u00fccktrittsangebot ab und beauftragten ihren Kollegen Kiehn, die Amtsgesch\u00e4fte vor\u00fcbergehend wahrzunehmen.<\/p>\n<div id=\"attachment_10326\" style=\"width: 280px\" class=\"wp-caption alignright\"><a href=\"https:\/\/blogs.sub.uni-hamburg.de\/bergedorf\/wp-content\/uploads\/2021\/11\/210714-3-Kw-Grube.png\"><img loading=\"lazy\" decoding=\"async\" aria-describedby=\"caption-attachment-10326\" class=\"wp-image-10326\" src=\"https:\/\/blogs.sub.uni-hamburg.de\/bergedorf\/wp-content\/uploads\/2021\/11\/210714-3-Kw-Grube-279x300.png\" alt=\"\" width=\"270\" height=\"290\" srcset=\"https:\/\/blogs.sub.uni-hamburg.de\/bergedorf\/wp-content\/uploads\/2021\/11\/210714-3-Kw-Grube-279x300.png 279w, https:\/\/blogs.sub.uni-hamburg.de\/bergedorf\/wp-content\/uploads\/2021\/11\/210714-3-Kw-Grube.png 445w\" sizes=\"auto, (max-width: 270px) 100vw, 270px\" \/><\/a><p id=\"caption-attachment-10326\" class=\"wp-caption-text\">Bergedorfer Zeitung, 14. Juli 1921<\/p><\/div>\n<p>Projahn war bereits der zweite Vorsitzende einer Vierl\u00e4nder Gemeinde, der vorzeitig aus dem Amt scheiden wollte: im Mai hatte Heinrich Grube angek\u00fcndigt, dass er zum 1. Juli sein Amt niederlegen wollte (BZ vom 13. Mai) \u2013 ebenfalls aus Gesundheitsgr\u00fcnden, und auch bei ihm kann man von \u00dcberlastung ausgehen: zwar hatte Kirchw\u00e4rder einen nebenberuflichen Gemeindeschriftf\u00fchrer, aber Grube musste neben seiner T\u00e4tigkeit als Vorstand der Kirchw\u00e4rder Spar- und Leihkasse unter anderem den kommunalen Millionenetat verwalten, er organisierte die Kartoffel- und Torfbeschaffung f\u00fcr die Gemeinde und war ehrenamtlicher Vorsitzender des Zweckverbands f\u00fcr die Elektrifizierung des Landgebiets, siehe den Beitrag <a href=\"https:\/\/blogs.sub.uni-hamburg.de\/bergedorf\/?p=8408\">Licht f\u00fcrs Land<\/a>. Im Vorjahr hatte er \u201ewegen beruflicher \u00dcberlastung\u201c bereits auf die Position des Schatzmeisters der vereinigten Milit\u00e4rvereine verzichtet (BZ vom 21. September 1920) und war auch Opfer eines t\u00e4tlichen Angriffs geworden (BZ vom 7. Februar 1920).<\/p>\n<p>Grube musste im Amt bleiben \u2013 trotz bedeutender Erh\u00f6hung der Amtsentsch\u00e4digung war niemand bereit, den Gemeindevorsitz zu \u00fcbernehmen: die anderen Mitglieder der Gemeindevertretung wollten sich die Last bis hin zu Burnout-\u00e4hnlichen Erkrankungen nicht aufb\u00fcrden, was wohl auch bei den Altengammern eine Rolle gespielt haben wird.<\/p>\n<p>&nbsp;<\/p>\n","protected":false},"excerpt":{"rendered":"<p>Die Dreifachbelastung war offenbar zu hoch f\u00fcr Johannes Projahn: Hauptlehrer der Schule Altengamme-Horst, Gemeindevorsitzender von Altengamme und Abgeordneter (SPD) der Hamburgischen B\u00fcrgerschaft. Er folgte dem \u00e4rztlichen Rat, einen l\u00e4ngeren Urlaub anzutreten und wollte auch den Gemeindevorsitz abgeben, was die Gemeindevertreter &hellip; <a href=\"https:\/\/blogs.sub.uni-hamburg.de\/bergedorf\/?p=10319\">Weiterlesen <span class=\"meta-nav\">&rarr;<\/span><\/a><\/p>\n","protected":false},"author":4,"featured_media":0,"comment_status":"open","ping_status":"open","sticky":false,"template":"","format":"standard","meta":{"_jetpack_memberships_contains_paid_content":false,"footnotes":"","jetpack_publicize_message":"","jetpack_publicize_feature_enabled":true,"jetpack_social_post_already_shared":false,"jetpack_social_options":{"image_generator_settings":{"template":"highway","default_image_id":0,"font":"","enabled":false},"version":2}},"categories":[12],"tags":[],"class_list":["post-10319","post","type-post","status-publish","format-standard","hentry","category-bergedorf1921"],"jetpack_publicize_connections":[],"jetpack_featured_media_url":"","jetpack_sharing_enabled":true,"_links":{"self":[{"href":"https:\/\/blogs.sub.uni-hamburg.de\/bergedorf\/index.php?rest_route=\/wp\/v2\/posts\/10319","targetHints":{"allow":["GET"]}}],"collection":[{"href":"https:\/\/blogs.sub.uni-hamburg.de\/bergedorf\/index.php?rest_route=\/wp\/v2\/posts"}],"about":[{"href":"https:\/\/blogs.sub.uni-hamburg.de\/bergedorf\/index.php?rest_route=\/wp\/v2\/types\/post"}],"author":[{"embeddable":true,"href":"https:\/\/blogs.sub.uni-hamburg.de\/bergedorf\/index.php?rest_route=\/wp\/v2\/users\/4"}],"replies":[{"embeddable":true,"href":"https:\/\/blogs.sub.uni-hamburg.de\/bergedorf\/index.php?rest_route=%2Fwp%2Fv2%2Fcomments&post=10319"}],"version-history":[{"count":11,"href":"https:\/\/blogs.sub.uni-hamburg.de\/bergedorf\/index.php?rest_route=\/wp\/v2\/posts\/10319\/revisions"}],"predecessor-version":[{"id":10578,"href":"https:\/\/blogs.sub.uni-hamburg.de\/bergedorf\/index.php?rest_route=\/wp\/v2\/posts\/10319\/revisions\/10578"}],"wp:attachment":[{"href":"https:\/\/blogs.sub.uni-hamburg.de\/bergedorf\/index.php?rest_route=%2Fwp%2Fv2%2Fmedia&parent=10319"}],"wp:term":[{"taxonomy":"category","embeddable":true,"href":"https:\/\/blogs.sub.uni-hamburg.de\/bergedorf\/index.php?rest_route=%2Fwp%2Fv2%2Fcategories&post=10319"},{"taxonomy":"post_tag","embeddable":true,"href":"https:\/\/blogs.sub.uni-hamburg.de\/bergedorf\/index.php?rest_route=%2Fwp%2Fv2%2Ftags&post=10319"}],"curies":[{"name":"wp","href":"https:\/\/api.w.org\/{rel}","templated":true}]}}