{"id":10233,"date":"2021-10-04T07:00:53","date_gmt":"2021-10-04T05:00:53","guid":{"rendered":"https:\/\/blogs.sub.uni-hamburg.de\/bergedorf\/?p=10233"},"modified":"2021-10-19T21:17:32","modified_gmt":"2021-10-19T19:17:32","slug":"nr-40a-21-carls-salchows-ortsjubilaeum-und-wolfgang-borcherts-stuhl","status":"publish","type":"post","link":"https:\/\/blogs.sub.uni-hamburg.de\/bergedorf\/?p=10233","title":{"rendered":"Carls Salchows Jubil\u00e4um und Wolfgang Borcherts Stuhl"},"content":{"rendered":"<div id=\"attachment_10237\" style=\"width: 280px\" class=\"wp-caption alignleft\"><a href=\"https:\/\/blogs.sub.uni-hamburg.de\/bergedorf\/wp-content\/uploads\/2021\/10\/210928-2-Ankuend-Feier-Salchow.png\"><img loading=\"lazy\" decoding=\"async\" aria-describedby=\"caption-attachment-10237\" class=\"wp-image-10237\" src=\"https:\/\/blogs.sub.uni-hamburg.de\/bergedorf\/wp-content\/uploads\/2021\/10\/210928-2-Ankuend-Feier-Salchow-300x72.png\" alt=\"\" width=\"270\" height=\"65\" srcset=\"https:\/\/blogs.sub.uni-hamburg.de\/bergedorf\/wp-content\/uploads\/2021\/10\/210928-2-Ankuend-Feier-Salchow-300x72.png 300w, https:\/\/blogs.sub.uni-hamburg.de\/bergedorf\/wp-content\/uploads\/2021\/10\/210928-2-Ankuend-Feier-Salchow.png 433w\" sizes=\"auto, (max-width: 270px) 100vw, 270px\" \/><\/a><p id=\"caption-attachment-10237\" class=\"wp-caption-text\">Bergedorfer Zeitung, 28. September 1921<\/p><\/div>\n<div id=\"attachment_10238\" style=\"width: 280px\" class=\"wp-caption alignright\"><a href=\"https:\/\/blogs.sub.uni-hamburg.de\/bergedorf\/wp-content\/uploads\/2021\/10\/211005-3-Ber-Feier-Salchow.png\"><img loading=\"lazy\" decoding=\"async\" aria-describedby=\"caption-attachment-10238\" class=\"wp-image-10238\" src=\"https:\/\/blogs.sub.uni-hamburg.de\/bergedorf\/wp-content\/uploads\/2021\/10\/211005-3-Ber-Feier-Salchow-300x160.png\" alt=\"\" width=\"270\" height=\"144\" srcset=\"https:\/\/blogs.sub.uni-hamburg.de\/bergedorf\/wp-content\/uploads\/2021\/10\/211005-3-Ber-Feier-Salchow-300x160.png 300w, https:\/\/blogs.sub.uni-hamburg.de\/bergedorf\/wp-content\/uploads\/2021\/10\/211005-3-Ber-Feier-Salchow.png 440w\" sizes=\"auto, (max-width: 270px) 100vw, 270px\" \/><\/a><p id=\"caption-attachment-10238\" class=\"wp-caption-text\">Bergedorfer Zeitung, 5. Oktober 1921<\/p><\/div>\n<p>Die (Kirchen-)Gemeinde lud ein, und viele Menschen kamen, um das 25j\u00e4hrige \u201eOrtsjubil\u00e4um\u201c von Carl Salchow zu feiern, ihn als den Leiter der Kirchenschule und Organisten der Gemeinde zu ehren.<\/p>\n<div id=\"attachment_10240\" style=\"width: 145px\" class=\"wp-caption alignright\"><a href=\"https:\/\/blogs.sub.uni-hamburg.de\/bergedorf\/wp-content\/uploads\/2021\/10\/211004-4-Dank-Salchow.png\"><img loading=\"lazy\" decoding=\"async\" aria-describedby=\"caption-attachment-10240\" class=\"wp-image-10240\" src=\"https:\/\/blogs.sub.uni-hamburg.de\/bergedorf\/wp-content\/uploads\/2021\/10\/211004-4-Dank-Salchow.png\" alt=\"\" width=\"135\" height=\"172\" \/><\/a><p id=\"caption-attachment-10240\" class=\"wp-caption-text\">BZ, 4. Oktober 1921<\/p><\/div>\n<p>Ihm wurden \u201ewertvolle Geschenke\u201c \u00fcberreicht, die ein heutiger Lehrer <a href=\"https:\/\/www.hamburg.de\/contentblob\/10659964\/5a8fafc97b37475210446bcc0e868240\/data\/mbl-02-2018.pdf\">nach den einschl\u00e4gigen Vorschriften<\/a> nicht h\u00e4tte annehmen d\u00fcrfen. Der Beschenkte bedankte sich artig per Kleinanzeige \u201ef\u00fcr die zahlreichen Beweise der Liebe und Anerkennung\u201c.<\/p>\n<p>Salchow war 1896 von der Altengammer Schule an die Kirchenschule in Kirchw\u00e4rder gewechselt. Im Leben der Gemeinde war er als Hauptlehrer (d.h. Rektor) und als Organist sicher eine wichtige Pers\u00f6nlichkeit, doch w\u00e4re er heute wohl v\u00f6llig vergessen, wenn nicht eines seiner Kinder, die Tochter Herta, einen bedeutenden Sohn zur Welt gebracht h\u00e4tte: Wolfgang Borchert, dessen Geburtstag sich am 20. Mai 2021 zum hundertsten Mal j\u00e4hrte.<\/p>\n<div id=\"attachment_10242\" style=\"width: 310px\" class=\"wp-caption alignright\"><a href=\"https:\/\/blogs.sub.uni-hamburg.de\/bergedorf\/wp-content\/uploads\/2021\/10\/Carl-Salchow-mit-Schuelern-undat.-Slg-Walter-Eggers.jpg\"><img loading=\"lazy\" decoding=\"async\" aria-describedby=\"caption-attachment-10242\" class=\"size-medium wp-image-10242\" src=\"https:\/\/blogs.sub.uni-hamburg.de\/bergedorf\/wp-content\/uploads\/2021\/10\/Carl-Salchow-mit-Schuelern-undat.-Slg-Walter-Eggers-300x191.jpg\" alt=\"\" width=\"300\" height=\"191\" srcset=\"https:\/\/blogs.sub.uni-hamburg.de\/bergedorf\/wp-content\/uploads\/2021\/10\/Carl-Salchow-mit-Schuelern-undat.-Slg-Walter-Eggers-300x191.jpg 300w, https:\/\/blogs.sub.uni-hamburg.de\/bergedorf\/wp-content\/uploads\/2021\/10\/Carl-Salchow-mit-Schuelern-undat.-Slg-Walter-Eggers-1024x653.jpg 1024w, https:\/\/blogs.sub.uni-hamburg.de\/bergedorf\/wp-content\/uploads\/2021\/10\/Carl-Salchow-mit-Schuelern-undat.-Slg-Walter-Eggers-768x490.jpg 768w, https:\/\/blogs.sub.uni-hamburg.de\/bergedorf\/wp-content\/uploads\/2021\/10\/Carl-Salchow-mit-Schuelern-undat.-Slg-Walter-Eggers-1536x980.jpg 1536w, https:\/\/blogs.sub.uni-hamburg.de\/bergedorf\/wp-content\/uploads\/2021\/10\/Carl-Salchow-mit-Schuelern-undat.-Slg-Walter-Eggers.jpg 1624w\" sizes=\"auto, (max-width: 300px) 100vw, 300px\" \/><\/a><p id=\"caption-attachment-10242\" class=\"wp-caption-text\">Aufnahme aus Sammlung Walter Eggers, jetzt im Borchert-Archiv der Staats- und Unversit\u00e4tsbibliothek Hamburg<\/p><\/div>\n<p>Das nebenstehende Foto zeigt Carl Salchow als gewichtigen Herrn links hinter seinen Sch\u00fclerinnen und Sch\u00fclern, zusammen mit jungen Hilfslehrern und einer Hilfslehrerin. Einer der Hilfslehrer k\u00f6nnte Fritz Borchert gewesen sein, der sp\u00e4tere Ehemann Herta Salchows \u2013 leider ist die Fotografie undatiert, sodass dies nicht sicher ist. Herta und Fritz Borchert heirateten 1914 und zogen nach Eppendorf, wo auch ihr Sohn Wolfgang geboren wurde.<\/p>\n<p>Die Familie Borchert zog in ein k\u00fcnstlerisch-st\u00e4dtisches Milieu, in dem Herta zu schreiben begann. Viele Geschichten in ihrem heimatlichen \u201eVeerlanner Platt\u201c entstanden und wurden u.a. unter dem Titel <a href=\"https:\/\/kataloge.uni-hamburg.de\/DB=1\/XMLPRS=N\/PPN?PPN=145729958\">S\u00fcnnroos<\/a> im Quickborn-Verlag ver\u00f6ffentlicht. Ihr Roman <a href=\"https:\/\/kataloge.uni-hamburg.de\/DB=1\/XMLPRS=N\/PPN?PPN=21708852X\">Barber Wulfen<\/a> wurde erst posthum gedruckt.<\/p>\n<p>Nach dem fr\u00fchen Tod ihres Sohnes pflegte Herta Borchert vor allem den Nachlass ihres Sohnes, den sie 1976 als <a href=\"https:\/\/www.sub.uni-hamburg.de\/sammlungen\/nachlass-und-autographensammlung\/wolfgang-borchert-archiv.html\">Wolfgang-Borchert-Archiv<\/a> der Staats- und Universit\u00e4tsbibliothek Hamburg \u00fcbergab. Zu diesem Archiv geh\u00f6rt auch Wolfgang Borcherts Arbeitszimmer, das die Stabi in diesem Jahr in einer <a href=\"https:\/\/borchert.sub.uni-hamburg.de\/borchert-box\/\">\u201eBorchert-Box\u201c (Online-Link)<\/a> auch via Internet \u00f6ffentlich zug\u00e4nglich gemacht hat.<\/p>\n<div id=\"attachment_10244\" style=\"width: 310px\" class=\"wp-caption alignright\"><a href=\"https:\/\/blogs.sub.uni-hamburg.de\/bergedorf\/wp-content\/uploads\/2021\/10\/Stuhl_Borchert-scaled.jpg\"><img loading=\"lazy\" decoding=\"async\" aria-describedby=\"caption-attachment-10244\" class=\"size-medium wp-image-10244\" src=\"https:\/\/blogs.sub.uni-hamburg.de\/bergedorf\/wp-content\/uploads\/2021\/10\/Stuhl_Borchert-300x225.jpg\" alt=\"\" width=\"300\" height=\"225\" srcset=\"https:\/\/blogs.sub.uni-hamburg.de\/bergedorf\/wp-content\/uploads\/2021\/10\/Stuhl_Borchert-300x225.jpg 300w, https:\/\/blogs.sub.uni-hamburg.de\/bergedorf\/wp-content\/uploads\/2021\/10\/Stuhl_Borchert-1024x768.jpg 1024w, https:\/\/blogs.sub.uni-hamburg.de\/bergedorf\/wp-content\/uploads\/2021\/10\/Stuhl_Borchert-768x576.jpg 768w, https:\/\/blogs.sub.uni-hamburg.de\/bergedorf\/wp-content\/uploads\/2021\/10\/Stuhl_Borchert-1536x1152.jpg 1536w, https:\/\/blogs.sub.uni-hamburg.de\/bergedorf\/wp-content\/uploads\/2021\/10\/Stuhl_Borchert-2048x1536.jpg 2048w\" sizes=\"auto, (max-width: 300px) 100vw, 300px\" \/><\/a><p id=\"caption-attachment-10244\" class=\"wp-caption-text\">Foto: Staats- und Universit\u00e4tsbibliothek Hamburg<\/p><\/div>\n<p>In diesem Raum stehen mehrere Objekte mit traditionellen Vierl\u00e4nder Intarsienarbeiten, unter anderem der Stuhl vor Wolfgang Borcherts Schreibtisch. Die Intarsie in der Lehne des Stuhls zeigt den Buchstaben S \u2013 vermutlich stammt der Stuhl aus dem Hause Carl und Luise Salchow, aber der Stuhl wird nicht zu den Geschenken zum \u201eOrtsjubil\u00e4um\u201c geh\u00f6rt haben \u2013 nach Einsch\u00e4tzung des <a href=\"http:\/\/www.tischlerei-burmester.de\/\">Kirchwerder Intarsientischlermeisters Rainer Burmester<\/a> ist das M\u00f6belst\u00fcck \u00e4lter.<\/p>\n<p>Anmerkungen:<\/p>\n<p>Die Schreibweise des Vornamens Herta folgt hier der eigenh\u00e4ndigen Eintragung Herta Salchows in einem Poesiealbum von 1909, das der langj\u00e4hrige Besitzer Walter Eggers k\u00fcrzlich (ebenso wie das Foto) der Staats- und Universit\u00e4tsbibliothek Hamburg \u00fcbergeben hat und das nun im Borchert-Archiv das \u00e4lteste Hand-Schriftzeugnis der sp\u00e4teren Autorin ist.<\/p>\n<p>In diesem Archiv befindet sich auch eine Brosch\u00fcre von Ada-Verena Gass zu Urspr\u00fcngen und Entwicklungen der Familie (als Privatdruck erschienen), die auf den unver\u00f6ffentlichten Erinnerungen Herta Borcherts \u201eVergangenes Leben\u201c (in: <a href=\"https:\/\/www.sub.uni-hamburg.de\/sammlungen\/nachlass-und-autographensammlung\/nachlaesse-und-autographen-von-a-z.html\">Staats- und Universit\u00e4tsbibliothek Hamburg, Nachlass- und Autographensammlung<\/a>) basiert und auf die hier im Blog-Beitrag mehrfach Bezug genommen wurde.<\/p>\n<p>UPDATE 19. Oktober 2021:<br \/>\nDie Hafenf\u00e4hre Wolfgang Borchert der Hamburger <a href=\"https:\/\/hadag.de\/de\/\">HADAG<\/a> ist seit heute \u201eschwimmende Ausstellungsdependance\u201c der Borchert-Box der Stabi, und auch hier gibt es einen Bezug zu Kirchwerder:\u00a0 die <a href=\"https:\/\/www.elbdampfer-hamburg.de\/lebenslauf-hadag-hafenfaehre-wolfgang-borchert-24241\/\">\u201eWolfgang Borchert\u201c<\/a> wurde zwar 1993 beim Oortkaten gebaut, aber die Werft von Heinrich Grube war urspr\u00fcnglich in Kirchwerder ans\u00e4ssig.<\/p>\n","protected":false},"excerpt":{"rendered":"<p>Die (Kirchen-)Gemeinde lud ein, und viele Menschen kamen, um das 25j\u00e4hrige \u201eOrtsjubil\u00e4um\u201c von Carl Salchow zu feiern, ihn als den Leiter der Kirchenschule und Organisten der Gemeinde zu ehren. Ihm wurden \u201ewertvolle Geschenke\u201c \u00fcberreicht, die ein heutiger Lehrer nach den &hellip; <a href=\"https:\/\/blogs.sub.uni-hamburg.de\/bergedorf\/?p=10233\">Weiterlesen <span class=\"meta-nav\">&rarr;<\/span><\/a><\/p>\n","protected":false},"author":4,"featured_media":0,"comment_status":"open","ping_status":"open","sticky":false,"template":"","format":"standard","meta":{"_jetpack_memberships_contains_paid_content":false,"footnotes":"","jetpack_publicize_message":"","jetpack_publicize_feature_enabled":true,"jetpack_social_post_already_shared":false,"jetpack_social_options":{"image_generator_settings":{"template":"highway","default_image_id":0,"font":"","enabled":false},"version":2}},"categories":[12],"tags":[],"class_list":["post-10233","post","type-post","status-publish","format-standard","hentry","category-bergedorf1921"],"jetpack_publicize_connections":[],"jetpack_featured_media_url":"","jetpack_sharing_enabled":true,"_links":{"self":[{"href":"https:\/\/blogs.sub.uni-hamburg.de\/bergedorf\/index.php?rest_route=\/wp\/v2\/posts\/10233","targetHints":{"allow":["GET"]}}],"collection":[{"href":"https:\/\/blogs.sub.uni-hamburg.de\/bergedorf\/index.php?rest_route=\/wp\/v2\/posts"}],"about":[{"href":"https:\/\/blogs.sub.uni-hamburg.de\/bergedorf\/index.php?rest_route=\/wp\/v2\/types\/post"}],"author":[{"embeddable":true,"href":"https:\/\/blogs.sub.uni-hamburg.de\/bergedorf\/index.php?rest_route=\/wp\/v2\/users\/4"}],"replies":[{"embeddable":true,"href":"https:\/\/blogs.sub.uni-hamburg.de\/bergedorf\/index.php?rest_route=%2Fwp%2Fv2%2Fcomments&post=10233"}],"version-history":[{"count":13,"href":"https:\/\/blogs.sub.uni-hamburg.de\/bergedorf\/index.php?rest_route=\/wp\/v2\/posts\/10233\/revisions"}],"predecessor-version":[{"id":10568,"href":"https:\/\/blogs.sub.uni-hamburg.de\/bergedorf\/index.php?rest_route=\/wp\/v2\/posts\/10233\/revisions\/10568"}],"wp:attachment":[{"href":"https:\/\/blogs.sub.uni-hamburg.de\/bergedorf\/index.php?rest_route=%2Fwp%2Fv2%2Fmedia&parent=10233"}],"wp:term":[{"taxonomy":"category","embeddable":true,"href":"https:\/\/blogs.sub.uni-hamburg.de\/bergedorf\/index.php?rest_route=%2Fwp%2Fv2%2Fcategories&post=10233"},{"taxonomy":"post_tag","embeddable":true,"href":"https:\/\/blogs.sub.uni-hamburg.de\/bergedorf\/index.php?rest_route=%2Fwp%2Fv2%2Ftags&post=10233"}],"curies":[{"name":"wp","href":"https:\/\/api.w.org\/{rel}","templated":true}]}}