{"id":289,"date":"2010-12-22T12:57:30","date_gmt":"2010-12-22T12:57:30","guid":{"rendered":"http:\/\/projektakte.sub.uni-hamburg.de\/?p=289"},"modified":"2010-12-22T13:02:05","modified_gmt":"2010-12-22T13:02:05","slug":"das-war-das-jahr-das-war","status":"publish","type":"post","link":"https:\/\/blogs.sub.uni-hamburg.de\/akte\/allgemein\/das-war-das-jahr-das-war\/","title":{"rendered":"Das war das Jahr, das war"},"content":{"rendered":"<p>2010 neigt sich arbeitszeitm\u00e4\u00dfig f\u00fcr mich dem Ende zu.<\/p>\n<p>Ich habe im Februar 2010 angefangen, die Entwicklung einer ViFa Verwaltungs- und Kommunalwissenschaften als Teil der ViFaPol zu koordinieren.<\/p>\n<p>Nach knapp 11 Monaten ist nun Zeit, eine pers\u00f6nliche, erste \u00a0Bilanz zu ziehen.<\/p>\n<p><strong>Einstieg<\/strong><\/p>\n<p>Jeder Monat war spannend f\u00fcr mich. Ich bin quer ins Bibliothekswesen eingestiegen und bin mit meinem Nutzerblick \u00fcber Abk\u00fcrzungen, Schnittstellen, Webdienste und die eine oder andere Insell\u00f6sungen gestolpert. Aber ich habe die digitale Bibliothek als einen \u00e4u\u00dferst spannenden Arbeitsplatz kennen und sch\u00e4tzen gelernt.<\/p>\n<p><strong>Nutzerstudien<\/strong><\/p>\n<p>Als Soziologe hat es mich gefreut, dass ich f\u00fcr dieses Projekt <a href=\"..\/..\/..\/..\/..\/Kategorie\/user-studies\/\">Feldstudien <\/a>betreiben durfte. Ich habe Interviews gef\u00fchrt und aus diesen <a href=\"..\/..\/..\/..\/..\/user-studies\/der-zielgruppe-ein-gesicht-geben\/\">Personas und Szenarien entwickelt<\/a>. Diese Mischung aus sozialwissenschaftlichen Methoden und solchen, die eher aus der Softwareentwicklung stammen, finde ich aufregend. Im kommenden Jahr werden wir das fortsetzen und mit den Prototypen des Portals ausgiebige Usability-Tests durchf\u00fchren.<\/p>\n<p><strong>Technik<\/strong><\/p>\n<p>In den letzten Monaten haben wir uns auch intensiv mit den ver\u00e4nderten technischen M\u00f6glichkeiten auseinandergesetzt und uns damit besch\u00e4ftigt, welche davon zu den Bed\u00fcrfnissen unserer Zielgruppe passen. Als Portalsoftware f\u00fcr die neue, erweiterte ViFaPol wurde <a href=\"https:\/\/www.hbz-nrw.de\/angebote\/ips\/\">IPS<\/a> ausgew\u00e4hlt und F\u00fcr die Anzeige soll ein Content-Management-System wie WordPress oder TYPO3 verwendet werden, damit die redaktionelle Betreuung des Portals und die Wartung des Systems einfacher werden<\/p>\n<p>Ich habe viele (f\u00fcr mich) neue Tools kennengelernt. Meine \u00a0Favoriten sind derzeit <a href=\"https:\/\/www.dropbox.com\/\">Dropbox<\/a>, <a href=\"https:\/\/www.twitter.com\/Akte20_09\">twitter<\/a>, <a href=\"https:\/\/www.mister-wong.de\/\">mister wong<\/a>, <a href=\"https:\/\/www.librarything.com\/\">library thing<\/a> und vor allem: <a href=\"https:\/\/www.mendeley.com\/\">Mendeley<\/a>. Was mir auch klar geworden ist: in Bereich der Webdienste ist nichts f\u00fcr die Ewigkeit; man braucht also immer eine <a href=\"https:\/\/zukunftswerkstatt.wordpress.com\/2010\/12\/21\/die-sache-mit-delicious\/\">Exit-Option<\/a> und einen <a href=\"https:\/\/www.davidleeking.com\/2010\/12\/20\/delicious-and-other-services-have-a-backup-plan\/?utm_source=feedburner&amp;utm_medium=feed&amp;utm_campaign=Feed:+davidleeking+%28David+Lee+King%29\">Back-Up-Plan<\/a>.<\/p>\n<p><strong>Themen<\/strong><\/p>\n<p>Twitter hat mir vor allem am Anfang geholfen, Informationen \u00fcber meine neuen <a href=\"https:\/\/twitter.com\/akte20_09\/lists\">Themenfelder <\/a>zu bekommen. Die Diskussion um die Freiheit der Informationen, nicht nur im Zusammenhang mit <a href=\"https:\/\/search.twitter.com\/search?q=#wikileaks\">#wikileak<\/a>s, sondern auch mit <a href=\"https:\/\/search.twitter.com\/search?q=#opendata\">#opendata<\/a>, <a href=\"https:\/\/search.twitter.com\/search?q=#egov\">#egov<\/a> und der Frage, wie das Verh\u00e4ltnis von direkten und repr\u00e4sentativen Elementen der Demokratie gestaltet werden sollte (vor allem<a href=\"https:\/\/search.twitter.com\/search?q=#s21\"> #s21<\/a> , aber nicht ausschlie\u00dflich), waren f\u00fcr mich in diesem Jahr wichtige Themen.<\/p>\n<p><strong>Ausblick<\/strong><\/p>\n<p>Das Akte20.09-Team wird gr\u00f6\u00dfer:\u00a0 Studentische Hilfskr\u00e4fte kommen dazu, an der SUB hat eine neue Kollegin angefangen und wird als Bibliothekarin vor allem das Mapping von Metadaten \u00fcbernehmen. Eine(n) Entwickler(in) <a href=\"https:\/\/blog.sub.uni-hamburg.de\/?p=3942\">suchen<\/a> wir gerade.<\/p>\n<p>Ich freue mich auf 2011. Und w\u00fcnsche allen ein paar erholsame Tage und ein gutes, neues Jahr.<\/p>\n","protected":false},"excerpt":{"rendered":"<p>2010 neigt sich arbeitszeitm\u00e4\u00dfig f\u00fcr mich dem Ende zu. Ich habe im Februar 2010 angefangen, die Entwicklung einer ViFa Verwaltungs- und Kommunalwissenschaften als Teil der ViFaPol zu koordinieren. Nach knapp 11 Monaten ist nun Zeit, eine pers\u00f6nliche, erste \u00a0Bilanz zu ziehen. Einstieg Jeder Monat war spannend f\u00fcr mich. Ich bin quer ins Bibliothekswesen eingestiegen und [&hellip;]<\/p>\n","protected":false},"author":2,"featured_media":0,"comment_status":"open","ping_status":"open","sticky":false,"template":"","format":"standard","meta":{"footnotes":""},"categories":[1],"tags":[],"class_list":["post-289","post","type-post","status-publish","format-standard","hentry","category-allgemein"],"_links":{"self":[{"href":"https:\/\/blogs.sub.uni-hamburg.de\/akte\/wp-json\/wp\/v2\/posts\/289","targetHints":{"allow":["GET"]}}],"collection":[{"href":"https:\/\/blogs.sub.uni-hamburg.de\/akte\/wp-json\/wp\/v2\/posts"}],"about":[{"href":"https:\/\/blogs.sub.uni-hamburg.de\/akte\/wp-json\/wp\/v2\/types\/post"}],"author":[{"embeddable":true,"href":"https:\/\/blogs.sub.uni-hamburg.de\/akte\/wp-json\/wp\/v2\/users\/2"}],"replies":[{"embeddable":true,"href":"https:\/\/blogs.sub.uni-hamburg.de\/akte\/wp-json\/wp\/v2\/comments?post=289"}],"version-history":[{"count":12,"href":"https:\/\/blogs.sub.uni-hamburg.de\/akte\/wp-json\/wp\/v2\/posts\/289\/revisions"}],"predecessor-version":[{"id":302,"href":"https:\/\/blogs.sub.uni-hamburg.de\/akte\/wp-json\/wp\/v2\/posts\/289\/revisions\/302"}],"wp:attachment":[{"href":"https:\/\/blogs.sub.uni-hamburg.de\/akte\/wp-json\/wp\/v2\/media?parent=289"}],"wp:term":[{"taxonomy":"category","embeddable":true,"href":"https:\/\/blogs.sub.uni-hamburg.de\/akte\/wp-json\/wp\/v2\/categories?post=289"},{"taxonomy":"post_tag","embeddable":true,"href":"https:\/\/blogs.sub.uni-hamburg.de\/akte\/wp-json\/wp\/v2\/tags?post=289"}],"curies":[{"name":"wp","href":"https:\/\/api.w.org\/{rel}","templated":true}]}}